{"id":6157,"date":"2026-03-02T10:59:15","date_gmt":"2026-03-02T09:59:15","guid":{"rendered":"https:\/\/www.hepic-hub.org\/?p=6157"},"modified":"2026-03-02T10:59:19","modified_gmt":"2026-03-02T09:59:19","slug":"presentacion-des-resultats-finaus-deth-projecte-ovihuec-dat","status":"publish","type":"post","link":"https:\/\/www.hepic-hub.org\/oc\/2026\/03\/02\/presentacion-des-resultats-finaus-deth-projecte-ovihuec-dat\/","title":{"rendered":"Presentacion des resultats\u00a0finaus\u00a0deth\u00a0proj\u00e8cte OVIHUEC.DAT"},"content":{"rendered":"\n<ul class=\"wp-block-list\">\n<li><strong>Ager, ena sala d\u2019actes deth Conselh Generau,\u00a0scientifics e tecnics des entitats deth\u00a0proj\u00e8cte\u00a0d\u00e8ren\u00a0a con\u00e9isher es\u00a0conclusions des 83\u00a0informes des\u00a0dades\u00a0remassades deth ramat public\u00a0de oelhes e crabes\u00a0de Vilam\u00f2s\u00a0<\/strong>\u00a0<\/li>\n\n\n\n<li><strong>Eth conselh\u00e8r de Gestion Ambientau, Transicion Energetica e Innovacion metec en valor qu\u2019er objectiu ei auer tota era sci\u00e9ncia ath darr\u00e8r ent\u00e0 aplicar-la en benefici dera ramaderia extensiva e dar m\u00e8s sup\u00f2rt as pagesi.<\/strong><\/li>\n<\/ul>\n\n\n\n<p>Ager&nbsp;maitin, s\u2019expos\u00e8ren&nbsp;es resultats extr\u00e8ti&nbsp;pendent tot eth seguiment&nbsp;deth proj\u00e8cte de rec\u00e8rca&nbsp;Ovihuec.dat&nbsp;ena seden\u00e7a deth Conselh Generau d\u2019Aran. Ua iniciativa qu\u2019a coma objectiu&nbsp;<strong>investigar&nbsp;<\/strong>era&nbsp;valor dera&nbsp;<strong>ramaderia extensiva ent\u00e0 redusir eth risc d\u2019incendis, milhorar era biodiversitat<\/strong>&nbsp;der entorn,&nbsp;<strong>provar naues tecnologies<\/strong>&nbsp;t\u00e0 milhorar&nbsp;<strong>era qualitat de vida des pastors e pastores<\/strong>&nbsp;e&nbsp;avalorar eth potenciau comerciau des&nbsp;<strong>productes derivadi<\/strong>&nbsp;deth ramat.&nbsp;&nbsp;<\/p>\n\n\n\n<p>En un acte dub\u00e8rt ath&nbsp;public e retransmetut&nbsp;en dir\u00e8cte, era&nbsp;<strong>sindica d\u2019Aran<\/strong>, Maria Verg\u00e9s&nbsp;d\u00e8c&nbsp;era benvenguda&nbsp;as assistents&nbsp;e&nbsp;remarqu\u00e8c:&nbsp;<em>\u201cqu\u2019era rec\u00e8rca scientifica realizada&nbsp;pendent es dus ans&nbsp;de proj\u00e8cte,&nbsp;a permetut crear&nbsp;<\/em><strong><em>un mod\u00e8l ent\u00e0 poder-se&nbsp;replicar<\/em><\/strong><em>&nbsp;en d\u2019auti l\u00f2cs&nbsp;e&nbsp;recuperar eth&nbsp;manejament&nbsp;deth bestiar&nbsp;utilizant&nbsp;es tecnologies actuaus\u201d.&nbsp;<\/em><\/p>\n\n\n\n<p>Ara seguida,&nbsp;er investigador der IRTA&nbsp;e&nbsp;cap deth proj\u00e8cte, Toni Dalmau,&nbsp;present\u00e8c&nbsp;es principaus&nbsp;resolucions&nbsp;des&nbsp;<strong>83&nbsp;informes<\/strong>&nbsp;scientifics des airaus estudiadi:&nbsp;<strong>animaus, tecnologia, pagesia, producte, entorn, legalitat, sostenibilitat e comunicacion<\/strong>&nbsp;deth proj\u00e8cte.&nbsp;A insistit enes beneficis d\u2019auer un ramat public&nbsp;ent\u00e0 h\u00e8r&nbsp;totes&nbsp;es pr\u00f2ves scientifiques e obtier dades,&nbsp;qu\u2019en cas des ramats privats&nbsp;non p\u00f2den permeter-se&nbsp;realizar.&nbsp;<\/p>\n\n\n\n<p>En relacion ara&nbsp;<strong>tecnologia,<\/strong>&nbsp;se&nbsp;retransmetec&nbsp;un video deth CTIC qu\u2019explique eth&nbsp;<strong>besson digitau<\/strong>,&nbsp;que consist\u00eds en&nbsp;ua&nbsp;replica&nbsp;virtuau deth ramat&nbsp;que&nbsp;<strong>permet simular, pred\u00edder&nbsp;e optimizar<\/strong>&nbsp;eth rendiment&nbsp;a temps reau. Tanben,&nbsp;se&nbsp;present\u00e8ren&nbsp;es&nbsp;estadistiques des entrenaments&nbsp;der&nbsp;usatge des&nbsp;<strong>barrats virtuaus&nbsp;e des&nbsp;coli\u00e8rs de geolocalizacion.<\/strong>&nbsp;<\/p>\n\n\n\n<p>En \u00e7\u00f2 que tanh&nbsp;ara&nbsp;<strong>pagesia,<\/strong>&nbsp;s\u2019emetec&nbsp;ua des&nbsp;entrevistes&nbsp;h\u00e8tes&nbsp;a diu\u00e8rsi pagesi&nbsp;d\u2019Aran&nbsp;ent\u00e0 preservar&nbsp;<strong>era mem\u00f2ria&nbsp;e coneishements de&nbsp;com&nbsp;encuedar-se&nbsp;des&nbsp;ramats.<\/strong>&nbsp;Aguesti testim\u00f2nis&nbsp;se p\u00f2den trapar ena pagina web:&nbsp;<a href=\"https:\/\/irtapirineu.cat\/es\/resultats-del-projecte-ovihuec-dat\/\">Resultados del proyecto Ovihuec.dat \u2013 IRTA Pirineo<\/a>.&nbsp;&nbsp;<\/p>\n\n\n\n<figure class=\"wp-block-image size-full\"><img fetchpriority=\"high\" decoding=\"async\" width=\"1024\" height=\"768\" src=\"https:\/\/www.hepic-hub.org\/wp-content\/uploads\/2026\/03\/ResultatsVIHUEC-2-1024x768-1.jpeg\" alt=\"\" class=\"wp-image-6158\" srcset=\"https:\/\/www.hepic-hub.org\/wp-content\/uploads\/2026\/03\/ResultatsVIHUEC-2-1024x768-1.jpeg 1024w, https:\/\/www.hepic-hub.org\/wp-content\/uploads\/2026\/03\/ResultatsVIHUEC-2-1024x768-1-300x225.jpeg 300w, https:\/\/www.hepic-hub.org\/wp-content\/uploads\/2026\/03\/ResultatsVIHUEC-2-1024x768-1-768x576.jpeg 768w\" sizes=\"(max-width: 1024px) 100vw, 1024px\" \/><\/figure>\n\n\n\n<p>Demp\u00fas,&nbsp;er investigador deth CREDA,&nbsp;David Fern\u00e1ndez,&nbsp;d\u00e8c&nbsp;a con\u00e9isher eth proc\u00e8s de&nbsp;<strong>co-creacion des prop\u00f2stes&nbsp;agroaliment\u00e0ries<\/strong>&nbsp;frut de nombroses entrevistes&nbsp;a&nbsp;diu\u00e8rsi&nbsp;agents locaus d\u2019Aran.&nbsp;Ara seguida&nbsp;s\u2019ami\u00e8ren a t\u00e8rme&nbsp;dues sessions de grops de trabalh t\u00e0&nbsp;<strong>crear un&nbsp;distintiu,<\/strong>&nbsp;puntuat&nbsp;per 400&nbsp;persones que&nbsp;pogue transm\u00e9ter&nbsp;<strong>es valors<\/strong>&nbsp;des persones deth&nbsp;<strong>territ\u00f2ri,<\/strong>&nbsp;gestionat&nbsp;pes investigadors der IRTA,&nbsp;Luis&nbsp;Guerrero&nbsp;e&nbsp;Anna Claret.&nbsp;<\/p>\n\n\n\n<p>A fin de determinar es z\u00f2nes de&nbsp;peisheus deth ramat, eth&nbsp;<strong>CTFC<\/strong>&nbsp;(Centre Tecnologic e Forestau de Catalunya)&nbsp;realiz\u00e8c ua&nbsp;<strong>analisi&nbsp;der entorn<\/strong>&nbsp;entara&nbsp;optima&nbsp;prevencion d\u2019incendis&nbsp;e preservacion dera biodiversitat. En aguesta linha, era&nbsp;<strong>associacion Aran pera natura<\/strong>&nbsp;hec&nbsp;eth&nbsp;<strong>seguiment dera fauna silv\u00e8stra<\/strong>&nbsp;de:&nbsp;ropaloc\u00e8rs, anfibis, quiropt\u00e8rs, mesomamif\u00e8rs&nbsp;e aud\u00e8ths.&nbsp;<\/p>\n\n\n\n<p>Ara seguida,&nbsp;ent\u00e0 qu\u2019eth ramat pogue \u00e8ster sostenible,&nbsp;es&nbsp;investigadors Manel Cuartielles e Cristina&nbsp;Roca deth CREDA avalor\u00e8ren&nbsp;coma se p\u00f2t&nbsp;<strong>mantier socioeconomicament<\/strong>&nbsp;auent en compde es servicis ecosistemics dera pagesia ena sua gestion deth paisatge&nbsp;e es productes derivadi.&nbsp;<\/p>\n\n\n\n<p>Damb&nbsp;er objectiu&nbsp;de&nbsp;<strong>dar&nbsp;a con\u00e9isher es actuacions<\/strong>&nbsp;deth proj\u00e8cte, Cristina Cuadrat de comunicacion der IRTA,&nbsp;expos\u00e8c&nbsp;er impacte des contenguts&nbsp;enes&nbsp;<strong>hilats sociaus e<\/strong>&nbsp;era pres\u00e9ncia enes&nbsp;<strong>mieis de comunicacion&nbsp;d\u2019ovihuec<\/strong>.&nbsp;E coma iniciativa ent\u00e0 arribar ara joenessa, s\u2019a&nbsp;<strong>creat un comic<\/strong>&nbsp;que se presentar\u00e0 en toti es centres educatius d\u2019Aran.&nbsp;<\/p>\n\n\n\n<p>&nbsp;T\u00e0 barrar er acte, eth conselh\u00e8r&nbsp;de Gestion Ambientau, Transicion Energetica e Innovacion,&nbsp;<strong>Oriol Sala,<\/strong>&nbsp;remerqu\u00e8c&nbsp;que:&nbsp;<em>\u201c\u00e7\u00f2&nbsp;que volem ei auer tota era sci\u00e9ncia ath darr\u00e8r ent\u00e0 aplicar-la en benefici dera ramaderia extensiva&nbsp;t\u00e0 dar m\u00e8s sup\u00f2rt as pagesi\u201d<\/em>, e&nbsp;expliqu\u00e8c&nbsp;que:&nbsp;<em>\u201cara, demp\u00fas d\u2019aguesta fasa m\u00e8s scientifica,&nbsp;<\/em><strong><em>in\u00edcie eth proj\u00e8cte&nbsp;Ovihuec.sost<\/em><\/strong><em>&nbsp;de tres ans,&nbsp;qu\u2019a coma prop\u00f2sit&nbsp;crear un mod\u00e8l&nbsp;qu\u2019ua part&nbsp;<\/em><strong><em>se pague damb eth pr\u00f2pri ramat<\/em><\/strong><em>&nbsp;que&nbsp;gestione eth paisatge,&nbsp;e&nbsp;atau,&nbsp;protegir-mos des incendis e&nbsp;evitar&nbsp;auer de&nbsp;desbrossar&nbsp;damb maquin\u00e0ria pesanta cada cinc ans\u201d.<\/em>&nbsp;<\/p>\n\n\n\n<p>&nbsp;Aguest proj\u00e8cte de rec\u00e8rca&nbsp;a&nbsp;estat&nbsp;impulsat&nbsp;peth&nbsp;centre d\u2019innovacion&nbsp;territoriau&nbsp;deth Conselh Generau, H\u00e8Pic&nbsp;e er Ajuntament de Vilam\u00f2s, damb eth lideratge der IRTA&nbsp;e&nbsp;eth sup\u00f2rt des centres de rec\u00e8rca: eth&nbsp;CREDA,&nbsp;eth&nbsp;CTFC&nbsp;e eth&nbsp;CTIC&nbsp;e damb era financiacion&nbsp;dera&nbsp;Fundaci\u00f3n Biodiversidad&nbsp;e eth&nbsp;Ministerio de Transici\u00f3n Ecol\u00f3gica y Reto Demogr\u00e1fico (MITECO).&nbsp;<\/p>\n\n\n\n<p><em>Vielha, 27&nbsp;de hereu\u00e8r 2026<\/em>&nbsp;<\/p>\n","protected":false},"excerpt":{"rendered":"<p>Ager&nbsp;maitin, s\u2019expos\u00e8ren&nbsp;es resultats extr\u00e8ti&nbsp;pendent tot eth seguiment&nbsp;deth proj\u00e8cte de rec\u00e8rca&nbsp;Ovihuec.dat&nbsp;ena seden\u00e7a deth Conselh Generau d\u2019Aran. Ua iniciativa qu\u2019a coma objectiu&nbsp;investigar&nbsp;era&nbsp;valor dera&nbsp;ramaderia extensiva ent\u00e0 redusir eth risc d\u2019incendis, milhorar era biodiversitat&nbsp;der&#8230;<\/p>\n","protected":false},"author":4,"featured_media":6161,"comment_status":"closed","ping_status":"open","sticky":false,"template":"","format":"standard","meta":{"inline_featured_image":false,"footnotes":""},"categories":[79,85,83],"tags":[],"class_list":["post-6157","post","type-post","status-publish","format-standard","has-post-thumbnail","hentry","category-innovacion-oc","category-projectes-oc","category-proyectos"],"_links":{"self":[{"href":"https:\/\/www.hepic-hub.org\/oc\/wp-json\/wp\/v2\/posts\/6157","targetHints":{"allow":["GET"]}}],"collection":[{"href":"https:\/\/www.hepic-hub.org\/oc\/wp-json\/wp\/v2\/posts"}],"about":[{"href":"https:\/\/www.hepic-hub.org\/oc\/wp-json\/wp\/v2\/types\/post"}],"author":[{"embeddable":true,"href":"https:\/\/www.hepic-hub.org\/oc\/wp-json\/wp\/v2\/users\/4"}],"replies":[{"embeddable":true,"href":"https:\/\/www.hepic-hub.org\/oc\/wp-json\/wp\/v2\/comments?post=6157"}],"version-history":[{"count":1,"href":"https:\/\/www.hepic-hub.org\/oc\/wp-json\/wp\/v2\/posts\/6157\/revisions"}],"predecessor-version":[{"id":6164,"href":"https:\/\/www.hepic-hub.org\/oc\/wp-json\/wp\/v2\/posts\/6157\/revisions\/6164"}],"wp:featuredmedia":[{"embeddable":true,"href":"https:\/\/www.hepic-hub.org\/oc\/wp-json\/wp\/v2\/media\/6161"}],"wp:attachment":[{"href":"https:\/\/www.hepic-hub.org\/oc\/wp-json\/wp\/v2\/media?parent=6157"}],"wp:term":[{"taxonomy":"category","embeddable":true,"href":"https:\/\/www.hepic-hub.org\/oc\/wp-json\/wp\/v2\/categories?post=6157"},{"taxonomy":"post_tag","embeddable":true,"href":"https:\/\/www.hepic-hub.org\/oc\/wp-json\/wp\/v2\/tags?post=6157"}],"curies":[{"name":"wp","href":"https:\/\/api.w.org\/{rel}","templated":true}]}}