{"id":6148,"date":"2026-02-06T15:03:03","date_gmt":"2026-02-06T14:03:03","guid":{"rendered":"https:\/\/www.hepic-hub.org\/?p=6148"},"modified":"2026-02-06T15:03:07","modified_gmt":"2026-02-06T14:03:07","slug":"eth-coworking-de-hepic-se-consolide-coma-referent-en-territori","status":"publish","type":"post","link":"https:\/\/www.hepic-hub.org\/oc\/2026\/02\/06\/eth-coworking-de-hepic-se-consolide-coma-referent-en-territori\/","title":{"rendered":"Eth coworking de H\u00e8PIC se consolide coma referent en territ\u00f2ri"},"content":{"rendered":"\n<ul class=\"wp-block-list\">\n<li><strong>Er espaci de trabalh compartit\u202fpla\u00e7at en Vielha a\u00a0cub\u00e8rt\u00a0es places fixes\u00a0ath long de\u00a0tot eth 2025.\u202f\u202f\u00a0<\/strong><\/li>\n<\/ul>\n\n\n\n<p>Eth <strong>coworking\u202fimpulsat per H\u00e8PIC,<\/strong> eth centre d\u2019innovacion territoriau deth Conselh Generau d\u2019Aran,\u202fei un\u00a0espaci\u00a0a on toti aqueri professionaus que v\u00f2len\u202fempr\u00e9ner o teletrabalhar\u202fp\u00f2den\u202fdispausar\u202fd\u2019un espaci\u202fen centre de Vielha, ja siguen\u202f<strong>persones residentes en\u202fAran\u00a0o\u00a0visitaires.<\/strong><\/p>\n\n\n\n<p>Aguest<strong> servici,\u202fpublic e gratu\u00eft,<\/strong>\u202fcompde damb\u202f<strong>dus formats<\/strong> d\u2019acc\u00e8s;\u202f<strong>temporau,\u202f<\/strong>ent\u00e0s\u202fpersones qu\u2019agen de besonh\u202ftrabalhar en rem\u00f2t\u202fpendent\u202f<strong>mens de\u202f15 dies, e\u202ffixe,<\/strong>\u202fentad\u202faqueri professionaus\u202fresidents\u202fen Aran\u202f<strong>qu\u2019emprenen o\u202fteletrabalhen <\/strong>ent\u00e0 ua empresa\u202fe\u202fnon\u00a0an\u00a0oficina\u202fpr\u00f2pria.\u202fEntad\u202faguest\u202fdarr\u00e8r format, compdam damb\u202f<strong>10 places <\/strong>que\u202fs\u2019an cub\u00e8rt\u202fath long de tot eth 2025.<\/p>\n\n\n\n<p>Enguan,\u202f<strong>43\u202fpersones\u202f<\/strong>an\u00a0accedit\u202fpendent\u202fperi\u00f2des de cuerta durada, sustot en temporades de\u00a0m\u00e8s\u00a0aflu\u00e9ncia toristica:\u00a0Nadau, setmana santa e\u202fostiu, permetent-les\u202falongar es dies de visita en Aran.<\/p>\n\n\n\n<p>Er acc\u00e8s\u00a0tad\u202faguesta\u202finstallacion\u202ffoncione damb un <strong>contr\u00f2l\u202fdigitau,<\/strong>\u202f\u00e7\u00f2 que permet\u202fadaptar-se as\u202fdiferenti\u00a0oraris\u202f des\u202fpersones usatg\u00e8res,\u202fdamb <strong>acc\u00e8s\u202fes\u202f24 ores es 7 dies\u202fdera setmana.<\/strong>\u202fEra capacitat\u202fder\u202fespaci\u202fei de\u202f<strong>16\u00a0places<\/strong>\u00a0de trabalh\u202fdamb\u202ftaules\u202fcompartides,\u202fa on\u00a0s\u2019aufr\u00eds\u202f<strong>connexion a internet,\u202fua impressora,\u202f3 sales ent\u00e0 h\u00e8r amassades, 1 banh e 1\u202f<em>office<\/em><\/strong>\u202f<strong>damb nev\u00e8ra,\u202fmicroondes\u202fe cafet\u00e8ra.<\/strong><\/p>\n\n\n\n<p>Segontes es dades\u202fremassades\u202fenguan,\u202feth\u202f80% de\u202fpersones\u202fdamb pla\u00e7a fixa\u202fe\u202feth 53,12%\u202fdes sollicituds d\u2019acc\u00e8s temporau\u202fson hemnes,\u202fe era aflu\u00e9ncia\u202fdeth <strong>coworking ei\u202fprincipaument\u202fde hemnes.<\/strong><\/p>\n\n\n\n<p>En\u202frelacion\u202fdamb eth l\u00f2c\u00a0d\u2019origina,\u202fes usatg\u00e8rs e usatg\u00e8res de\u202fcuerta\u00a0durada\u202fan\u00a0estat\u00a0eth <strong>82% dera\u202fprov\u00edncia de Barcelona,\u202f<\/strong>e\u202fdes persones damb pla\u00e7a fixa,\u00a0maugrat\u00a0qu\u2019eth\u202f90% son neishudi deh\u00f2ra\u202f(principaument tanben\u202fen\u202fBarcelona),\u202feth <strong>70%\u202factuaument son empadronadi\u202fena Val d\u2019Aran.<\/strong><\/p>\n\n\n\n<p>En\u00a0paraules deth conselh\u00e8r d\u2019Innovacion, Oriol Sala: <em>\u201ces resultats des percentatges\u202fd\u2019enguan\u202fdem\u00f2stren eth besonh d\u2019aguest servici\u202fpublic\u202fcoma <strong>airina ent\u00e0\u202fatr\u00e8ir e retier eth talent en Aran\u201d.<\/strong>\u202f<\/em>E hig:\u202f<em>\u201cTanben\u202frelheuam\u202fera import\u00e0ncia de facilitar\u202finstallacions\u202fa on\u202fpropiciar sin\u00e8rgies professionaus\u202fque p\u00f2den <strong>dar l\u00f2c ara\u202fcreacion de\u202fnaui proj\u00e8ctes d\u2019emprenedoria\u201d.\u202f<\/strong><\/em><\/p>\n\n\n\n<p>Ua auta importanta hita\u202fei\u202fera possibilitat\u00a0d\u2019aufrir\u00a0un l\u00f2c ent\u00e0 professionaus de sectors f\u00f2r\u00e7a diu\u00e8rsi que\u202f<strong>facilite era\u202fconciliacion familiau,\u202fe tanben\u00a0era\u202fpractica\u00a0d\u2019esp\u00f2rts de montanha\u202fdamb eth trabalh<\/strong>\u202fent\u00e0\u00a0potenciar era arribada de naui\u202fprofessionaus\u00a0tath territ\u00f2ri.<\/p>\n\n\n\n<p>Se voletz\u00a0saber m\u00e8s sus eth coworking o\u00a0formalizar ua sollicitud,\u00a0mos podetz<strong>\u202fcontactar <\/strong>a trau\u00e8s deth corr\u00e8u:\u202f<a href=\"mailto:infohepic@aran.org\">infohepic@aran.org<\/a>.<\/p>\n\n\n\n<p><em>Vielha, 6 de hereu\u00e8r de 2026<\/em><\/p>\n\n\n\n<p><\/p>\n","protected":false},"excerpt":{"rendered":"<p>Eth coworking\u202fimpulsat per H\u00e8PIC, eth centre d\u2019innovacion territoriau deth Conselh Generau d\u2019Aran,\u202fei un\u00a0espaci\u00a0a on toti aqueri professionaus que v\u00f2len\u202fempr\u00e9ner o teletrabalhar\u202fp\u00f2den\u202fdispausar\u202fd\u2019un espaci\u202fen centre de Vielha, ja siguen\u202fpersones residentes en\u202fAran\u00a0o\u00a0visitaires. Aguest&#8230;<\/p>\n","protected":false},"author":4,"featured_media":6149,"comment_status":"closed","ping_status":"open","sticky":false,"template":"","format":"standard","meta":{"inline_featured_image":false,"footnotes":""},"categories":[76,79,82,73],"tags":[],"class_list":["post-6148","post","type-post","status-publish","format-standard","has-post-thumbnail","hentry","category-emprener","category-innovacion-oc","category-profesionaus","category-servicis"],"_links":{"self":[{"href":"https:\/\/www.hepic-hub.org\/oc\/wp-json\/wp\/v2\/posts\/6148","targetHints":{"allow":["GET"]}}],"collection":[{"href":"https:\/\/www.hepic-hub.org\/oc\/wp-json\/wp\/v2\/posts"}],"about":[{"href":"https:\/\/www.hepic-hub.org\/oc\/wp-json\/wp\/v2\/types\/post"}],"author":[{"embeddable":true,"href":"https:\/\/www.hepic-hub.org\/oc\/wp-json\/wp\/v2\/users\/4"}],"replies":[{"embeddable":true,"href":"https:\/\/www.hepic-hub.org\/oc\/wp-json\/wp\/v2\/comments?post=6148"}],"version-history":[{"count":1,"href":"https:\/\/www.hepic-hub.org\/oc\/wp-json\/wp\/v2\/posts\/6148\/revisions"}],"predecessor-version":[{"id":6152,"href":"https:\/\/www.hepic-hub.org\/oc\/wp-json\/wp\/v2\/posts\/6148\/revisions\/6152"}],"wp:featuredmedia":[{"embeddable":true,"href":"https:\/\/www.hepic-hub.org\/oc\/wp-json\/wp\/v2\/media\/6149"}],"wp:attachment":[{"href":"https:\/\/www.hepic-hub.org\/oc\/wp-json\/wp\/v2\/media?parent=6148"}],"wp:term":[{"taxonomy":"category","embeddable":true,"href":"https:\/\/www.hepic-hub.org\/oc\/wp-json\/wp\/v2\/categories?post=6148"},{"taxonomy":"post_tag","embeddable":true,"href":"https:\/\/www.hepic-hub.org\/oc\/wp-json\/wp\/v2\/tags?post=6148"}],"curies":[{"name":"wp","href":"https:\/\/api.w.org\/{rel}","templated":true}]}}