{"id":6120,"date":"2025-09-20T13:24:29","date_gmt":"2025-09-20T11:24:29","guid":{"rendered":"https:\/\/www.hepic-hub.org\/?p=6120"},"modified":"2025-11-06T08:40:09","modified_gmt":"2025-11-06T07:40:09","slug":"lancament-deth-pilot-pioner-de-transport-de-carga-damb-drons-en-zones-dacces-dificil","status":"publish","type":"post","link":"https:\/\/www.hepic-hub.org\/oc\/2025\/09\/20\/lancament-deth-pilot-pioner-de-transport-de-carga-damb-drons-en-zones-dacces-dificil\/","title":{"rendered":"Lan\u00e7ament deth pil\u00f2t pion\u00e8r de transp\u00f2rt de carga damb dr\u00f2ns en z\u00f2nes d\u2019acc\u00e8s dificil"},"content":{"rendered":"\n<ul class=\"wp-block-list\">\n<li><strong>Era empresa aranesa Pirineos Drone Aviation, damb eth sup\u00f2rt deth Conselh Generau, er IDAPA e laguens dera estrat\u00e8gia des Airaus Digitaus dera Generalitat, comen\u00e7ar\u00e0 a h\u00e8r v\u00f2ls damb dr\u00f2ns de carga pesada d\u2019entre 25 e 300 kg ent\u00e0 aufrir solucions de logistica.<\/strong><\/li>\n<\/ul>\n\n\n\n<p>Aguesta setmana, ena seden\u00e7a deth Gov\u00e8rn d\u2019Aran, comen\u00e7aue era dusau fasa deth proj\u00e8cte ARCHYTAS, que v\u00f2 milhorar era logistica enes z\u00f2nes de montanha damb dr\u00f2ns de carga, concr\u00e8tament, entara <strong>distribucion de mercaderies en localizacions de montanha rem\u00f2tes<\/strong> e balhar servicis en sectors com: <strong>era ramaderia, es refugis de montanha e eth manteniment des hilats de telecomunicacions, entre d\u2019auti.<\/strong><\/p>\n\n\n\n<p>Aguesta iniciativa pion\u00e8ra a estat impulsada peth centre d\u2019innovacion territoriau deth Conselh Generau, <strong>H\u00e8Pic<\/strong>, qu\u2019ei eth lid\u00e8r der Airau Digitau Aran, e que forme part dera <strong>estrat\u00e8gia des Airaus Digitaus <\/strong>dera Generalitat. Tanben compde damb eth sup\u00f2rt dera <strong><em>Fundaci\u00f3 i2CAT<\/em><\/strong> e deth <strong><em>Mobile World Capital<\/em><\/strong>, e a coma objectiu fomentar er usatge des tecnologies digitaus auan\u00e7ades entara transformacion de tot eth territ\u00f2ri.<\/p>\n\n\n\n<p>Er objectiu d\u2019aguesta dusau fasa ei era realizacion de <strong>100 operacions <\/strong>laguens des limits de risc operacionau <em>SAIL II <\/em>entara estandardizacion des operacions damb naui dr\u00f2ns com eth <em>DJI Flycart100,<\/em> d\u2019enquia 100 kg. Pendent es pr\u00f2ves analisar\u00e0 era viabilitat de servicis de transp\u00f2rt de carga <strong>ent\u00e0 poder obtier es autorizacions d\u2019operacions ad-hoc damb AESA<\/strong> (Ag\u00e8ncia estatau de seguretat aeriana) segontes era metodologia SORA.<\/p>\n\n\n\n<figure class=\"wp-block-image size-large\"><img fetchpriority=\"high\" decoding=\"async\" width=\"1024\" height=\"768\" src=\"https:\/\/www.hepic-hub.org\/wp-content\/uploads\/2025\/11\/3c9a1108-1107-4653-a8cc-edc81c7658b6-1024x768.jpg\" alt=\"\" class=\"wp-image-6117\" srcset=\"https:\/\/www.hepic-hub.org\/wp-content\/uploads\/2025\/11\/3c9a1108-1107-4653-a8cc-edc81c7658b6-1024x768.jpg 1024w, https:\/\/www.hepic-hub.org\/wp-content\/uploads\/2025\/11\/3c9a1108-1107-4653-a8cc-edc81c7658b6-300x225.jpg 300w, https:\/\/www.hepic-hub.org\/wp-content\/uploads\/2025\/11\/3c9a1108-1107-4653-a8cc-edc81c7658b6-768x576.jpg 768w, https:\/\/www.hepic-hub.org\/wp-content\/uploads\/2025\/11\/3c9a1108-1107-4653-a8cc-edc81c7658b6-1536x1152.jpg 1536w, https:\/\/www.hepic-hub.org\/wp-content\/uploads\/2025\/11\/3c9a1108-1107-4653-a8cc-edc81c7658b6-2048x1536.jpg 2048w, https:\/\/www.hepic-hub.org\/wp-content\/uploads\/2025\/11\/3c9a1108-1107-4653-a8cc-edc81c7658b6-1200x900.jpg 1200w, https:\/\/www.hepic-hub.org\/wp-content\/uploads\/2025\/11\/3c9a1108-1107-4653-a8cc-edc81c7658b6-1980x1485.jpg 1980w\" sizes=\"(max-width: 1024px) 100vw, 1024px\" \/><\/figure>\n\n\n\n<p>Demp\u00fas d\u2019estudiar es diu\u00e8rsi factors qu\u2019af\u00e8cten ara aviacion, Pirineos Drone a determinat <strong>6 rotes en Aran<\/strong> entara realizacion d\u2019aguestes operacions de transp\u00f2rt damb objectius despari\u00e8rs: <strong><em>Varrad\u00f2s-Alt \u00c0neu, Tuc Dossau, Estanh Garrabea, Bassa d\u2019Arres, Artiga de Lin, Porcingles e es entorns de Gar\u00f2s.<\/em><\/strong><\/p>\n\n\n\n<p>Damb aguestes operacions, aguest proj\u00e8cte v\u00f2 redusir es temps de liurament, es c\u00f2sti operatius e es emissions resp\u00e8cte de d\u2019auti mejans de transp\u00f2rt convencionaus, e tanben proporcionar <strong>un servici segur, fidable e recurrent, damb un seguiment a temps reau e un contr\u00f2tle prec\u00eds des liuraments.<\/strong><\/p>\n\n\n\n<p>Com a comentat eth conselh\u00e8r d\u2019Innovacion, Oriol Sala: <em>\u201cAth del\u00e0 de finan\u00e7ar aguestes pr\u00f2ves pil\u00f2t, <strong>er avantatge d\u2019\u00e8ster part deth hilat d\u2019innovacion des Airaus Digitaus permet qu\u2019es milhors exp\u00e8rtes en dr\u00f2ns,<\/strong> coma Cristina Ramos, dera Fundaci\u00f3 i2CAT, poguen <strong>dar assessorament <\/strong>a Pirineos Drone <strong>e h\u00e8r un seguiment <\/strong>tecnic, e demostrar es beneficis dera alian\u00e7a entre era administracion e es empreses deth territ\u00f2ri\u201d.<\/em><\/p>\n\n\n\n<p>Tanben cau remercar qu\u2019ARCHYTAS ei eth <strong>prum\u00e8r proj\u00e8cte dera aplicacion deth nau conc\u00e8pte de Mobilitat Aeriana Urbana (UAM)<\/strong>, basat ena sostenibilitat e es sist\u00e8mes non tripuladi. En aguest sens, es <strong>z\u00f2nes ruraus an un gran potenciau pera baisha densitat de populacion<\/strong>, m\u00e8s cau superar r\u00e8ptes coma era orografia e era manca de connectivitat, que s\u2019estudiar\u00e0n damb detalh en aguest pil\u00f2t.<\/p>\n\n\n\n<p>Aquest proj\u00e8cte pilot ei finan\u00e7at gr\u00e0cies ath conveni damb eth Ministeri entara Transicion Ecologica e eth R\u00e8pte Demografic deth Gobierno de Espa\u00f1a.<\/p>\n\n\n\n<figure class=\"wp-block-image size-full\"><img decoding=\"async\" width=\"511\" height=\"95\" src=\"https:\/\/www.hepic-hub.org\/wp-content\/uploads\/2025\/09\/image.png\" alt=\"\" class=\"wp-image-6139\" srcset=\"https:\/\/www.hepic-hub.org\/wp-content\/uploads\/2025\/09\/image.png 511w, https:\/\/www.hepic-hub.org\/wp-content\/uploads\/2025\/09\/image-300x56.png 300w\" sizes=\"(max-width: 511px) 100vw, 511px\" \/><\/figure>\n\n\n\n<p><em>Vielha, 20 de seteme de 2025<\/em><\/p>\n","protected":false},"excerpt":{"rendered":"<p>Aguesta setmana, ena seden\u00e7a deth Gov\u00e8rn d\u2019Aran, comen\u00e7aue era dusau fasa deth proj\u00e8cte ARCHYTAS, que v\u00f2 milhorar era logistica enes z\u00f2nes de montanha damb dr\u00f2ns de carga, concr\u00e8tament, entara distribucion&#8230;<\/p>\n","protected":false},"author":4,"featured_media":6114,"comment_status":"closed","ping_status":"open","sticky":false,"template":"","format":"standard","meta":{"inline_featured_image":false,"footnotes":""},"categories":[85],"tags":[],"class_list":["post-6120","post","type-post","status-publish","format-standard","has-post-thumbnail","hentry","category-projectes-oc"],"_links":{"self":[{"href":"https:\/\/www.hepic-hub.org\/oc\/wp-json\/wp\/v2\/posts\/6120","targetHints":{"allow":["GET"]}}],"collection":[{"href":"https:\/\/www.hepic-hub.org\/oc\/wp-json\/wp\/v2\/posts"}],"about":[{"href":"https:\/\/www.hepic-hub.org\/oc\/wp-json\/wp\/v2\/types\/post"}],"author":[{"embeddable":true,"href":"https:\/\/www.hepic-hub.org\/oc\/wp-json\/wp\/v2\/users\/4"}],"replies":[{"embeddable":true,"href":"https:\/\/www.hepic-hub.org\/oc\/wp-json\/wp\/v2\/comments?post=6120"}],"version-history":[{"count":3,"href":"https:\/\/www.hepic-hub.org\/oc\/wp-json\/wp\/v2\/posts\/6120\/revisions"}],"predecessor-version":[{"id":6145,"href":"https:\/\/www.hepic-hub.org\/oc\/wp-json\/wp\/v2\/posts\/6120\/revisions\/6145"}],"wp:featuredmedia":[{"embeddable":true,"href":"https:\/\/www.hepic-hub.org\/oc\/wp-json\/wp\/v2\/media\/6114"}],"wp:attachment":[{"href":"https:\/\/www.hepic-hub.org\/oc\/wp-json\/wp\/v2\/media?parent=6120"}],"wp:term":[{"taxonomy":"category","embeddable":true,"href":"https:\/\/www.hepic-hub.org\/oc\/wp-json\/wp\/v2\/categories?post=6120"},{"taxonomy":"post_tag","embeddable":true,"href":"https:\/\/www.hepic-hub.org\/oc\/wp-json\/wp\/v2\/tags?post=6120"}],"curies":[{"name":"wp","href":"https:\/\/api.w.org\/{rel}","templated":true}]}}