{"id":5719,"date":"2025-07-19T11:15:06","date_gmt":"2025-07-19T09:15:06","guid":{"rendered":"https:\/\/www.hepic-hub.org\/?p=5719"},"modified":"2025-07-24T11:39:49","modified_gmt":"2025-07-24T09:39:49","slug":"vilamos-acuelh-era-jornada-centrau-deth-projecte-ovihuec-dat-quimpulse-un-nau-model-de-ramaderia-extensiva-entath-pireneu","status":"publish","type":"post","link":"https:\/\/www.hepic-hub.org\/oc\/2025\/07\/19\/vilamos-acuelh-era-jornada-centrau-deth-projecte-ovihuec-dat-quimpulse-un-nau-model-de-ramaderia-extensiva-entath-pireneu\/","title":{"rendered":"Vilam\u00f2s acuelh era jornada centrau\u00a0deth proj\u00e8cte Ovihuec.dat, qu\u2019impulse un nau mod\u00e8l\u00a0de ramaderia extensiva entath Piren\u00e8u"},"content":{"rendered":"\n<ul class=\"wp-block-list\">\n<li><strong>Eth proj\u00e8cte ap\u00f2ste per ua ramaderia extensiva innovadora e comprometuda\u00a0damb eth territ\u00f2ri, era biodiversitat e eth\u00a0cambiament\u00a0generacionau.<\/strong><\/li>\n<\/ul>\n\n\n\n<p>Vilam\u00f2s, a estat er scenari, pendent dus dies, der acte centrau deth proj\u00e8cte Ovihuec.dat, ua iniciativa compartida entre institucions publiques, centres de rec\u00e8rca e administracions locaus que v\u00f2 <strong>dar a con\u00e9isher era viabilitat d\u2019un nau mod\u00e8l de ramaderia extensiva damb basa scientifica e territoriau.<\/strong> Eth proj\u00e8cte v\u00f2 contribu\u00efr ara gestion sostenibla des espacis dub\u00e8rti, era prevencion d\u2019incendis, era produccion d\u2019aliments de qualitat e era revitalizacion economica e sociau des z\u00f2nes de montanha.<\/p>\n\n\n\n<p><strong>Diuendres 18<\/strong>,&nbsp;era jornada tecnica amassaue exp\u00e8rts, representants institucionaus e&nbsp;deth mon locau ent\u00e0 h\u00e8r un balan\u00e7&nbsp;deth prum\u00e8r an&nbsp;d\u2019activitat&nbsp;deth proj\u00e8cte. Se&nbsp;compartiren es prum\u00e8res&nbsp;dades obtengudes a compdar&nbsp;deth seguiment&nbsp;deth ramat public&nbsp;de petits romiaires, qu\u2019incorp\u00f2re tecnologia&nbsp;de geolocalizacion, sensors ambientaus e protoc\u00f2ls experimentaus ent\u00e0 estudiar er&nbsp;impacte&nbsp;dera silvopastura.<\/p>\n\n\n\n<figure class=\"wp-block-image size-large\"><img fetchpriority=\"high\" decoding=\"async\" width=\"1024\" height=\"683\" src=\"https:\/\/www.hepic-hub.org\/wp-content\/uploads\/2025\/07\/Jornada-tecnica-Vilamos-33-1024x683.jpeg\" alt=\"\" class=\"wp-image-5710\" srcset=\"https:\/\/www.hepic-hub.org\/wp-content\/uploads\/2025\/07\/Jornada-tecnica-Vilamos-33-1024x683.jpeg 1024w, https:\/\/www.hepic-hub.org\/wp-content\/uploads\/2025\/07\/Jornada-tecnica-Vilamos-33-300x200.jpeg 300w, https:\/\/www.hepic-hub.org\/wp-content\/uploads\/2025\/07\/Jornada-tecnica-Vilamos-33-768x512.jpeg 768w, https:\/\/www.hepic-hub.org\/wp-content\/uploads\/2025\/07\/Jornada-tecnica-Vilamos-33-1536x1024.jpeg 1536w, https:\/\/www.hepic-hub.org\/wp-content\/uploads\/2025\/07\/Jornada-tecnica-Vilamos-33-2048x1365.jpeg 2048w, https:\/\/www.hepic-hub.org\/wp-content\/uploads\/2025\/07\/Jornada-tecnica-Vilamos-33-1200x800.jpeg 1200w, https:\/\/www.hepic-hub.org\/wp-content\/uploads\/2025\/07\/Jornada-tecnica-Vilamos-33-1980x1320.jpeg 1980w\" sizes=\"(max-width: 1024px) 100vw, 1024px\" \/><\/figure>\n\n\n\n<p><strong>Dissabte 19<\/strong>,&nbsp;era jornada hestiua&nbsp;daurie es p\u00f2rtes ara ciutadanetat&nbsp;damb talh\u00e8rs infantius, visites guidades, tastets&nbsp;de productes locaus, musica en viu e ua visita teatralizada qu\u2019a permetut&nbsp;descorbir eth proj\u00e8cte&nbsp;d\u2019una man\u00e8ra ludica e participativa. Es actes an renfor\u00e7at era implicacion&nbsp;dera comunautat e an metut en valor eth impacte locau&nbsp;d\u2019Ovihuec.dat ena Val&nbsp;d\u2019Aran.<\/p>\n\n\n\n<figure class=\"wp-block-image size-large\"><img decoding=\"async\" width=\"1024\" height=\"683\" src=\"https:\/\/www.hepic-hub.org\/wp-content\/uploads\/2025\/07\/WhatsApp-Image-2025-07-19-at-17.31.52-1-1024x683.jpeg\" alt=\"\" class=\"wp-image-5701\" srcset=\"https:\/\/www.hepic-hub.org\/wp-content\/uploads\/2025\/07\/WhatsApp-Image-2025-07-19-at-17.31.52-1-1024x683.jpeg 1024w, https:\/\/www.hepic-hub.org\/wp-content\/uploads\/2025\/07\/WhatsApp-Image-2025-07-19-at-17.31.52-1-300x200.jpeg 300w, https:\/\/www.hepic-hub.org\/wp-content\/uploads\/2025\/07\/WhatsApp-Image-2025-07-19-at-17.31.52-1-768x512.jpeg 768w, https:\/\/www.hepic-hub.org\/wp-content\/uploads\/2025\/07\/WhatsApp-Image-2025-07-19-at-17.31.52-1-1536x1024.jpeg 1536w, https:\/\/www.hepic-hub.org\/wp-content\/uploads\/2025\/07\/WhatsApp-Image-2025-07-19-at-17.31.52-1-2048x1365.jpeg 2048w, https:\/\/www.hepic-hub.org\/wp-content\/uploads\/2025\/07\/WhatsApp-Image-2025-07-19-at-17.31.52-1-1200x800.jpeg 1200w, https:\/\/www.hepic-hub.org\/wp-content\/uploads\/2025\/07\/WhatsApp-Image-2025-07-19-at-17.31.52-1-1980x1320.jpeg 1980w\" sizes=\"(max-width: 1024px) 100vw, 1024px\" \/><\/figure>\n\n\n\n<p>Tath conselh\u00e8r&nbsp;de Gestion Ambientau&nbsp;e Transicion Energetica e&nbsp;d\u2019Innovacion e baile de Vilam\u00f2s, Oriol Sala: <em>\u201cEs jornades e era h\u00e8sta&nbsp;d\u2019Ovihuec a Vilam\u00f2s son un referent ent\u00e0 parlar sus era import\u00e0ncia&nbsp;dera ramaderia extensiva en territ\u00f2ri\u201d. \u201cAuem&nbsp;d\u2019\u00e8ster proactius en proj\u00e8ctes&nbsp;d\u2019aquest estil e atau&nbsp;afavorir ua m\u00e8s bona biodiversitat. Ovihuec a&nbsp;d\u2019\u00e8ster eth pil\u00f2t que permete&nbsp;auer&nbsp;m\u00e8s ramats&nbsp;enes&nbsp;p\u00f2bles&nbsp;a&nbsp;on eth bestiar&nbsp;a&nbsp;desapareishut\u201d.<\/em><\/p>\n\n\n\n<p>Segontes era sindica&nbsp;d\u2019Aran, Maria Verg\u00e9s: <em>\u201cAguestes jornades en torn&nbsp;deth proj\u00e8cte OVIHUEC.DAT v\u00f2len&nbsp;dar&nbsp;a con\u00e9isher tot eth&nbsp;desvolopament scientific&nbsp;darr\u00e8r&nbsp;deth ramat e an era finalitat&nbsp;d\u2019arribar ara&nbsp;diversificacion&nbsp;dera n\u00f2sta economia per mejan&nbsp;de potenciar&nbsp;era&nbsp;agricultura e eth profit&nbsp;des s\u00f2us&nbsp;derivats\u201d<\/em>. E&nbsp;hig: <em>\u201cEi necessari informar&nbsp;de man\u00e8ra interactiva e inclusiva&nbsp;as&nbsp;aranesi&nbsp;e&nbsp;araneses&nbsp;des proj\u00e8ctes que se&nbsp;desvol\u00f2pen en territ\u00f2ri,&nbsp;a&nbsp;on conviuen realitats&nbsp;diferents: era agric\u00f2la, era ramad\u00e8ra, era economica, era sociau&nbsp;e era toristica.\u201d<\/em><\/p>\n\n\n\n<figure class=\"wp-block-image size-large\"><img decoding=\"async\" width=\"1024\" height=\"683\" src=\"https:\/\/www.hepic-hub.org\/wp-content\/uploads\/2025\/07\/WhatsApp-Image-2025-07-19-at-19.06.07-1-1024x683.jpeg\" alt=\"\" class=\"wp-image-5704\" srcset=\"https:\/\/www.hepic-hub.org\/wp-content\/uploads\/2025\/07\/WhatsApp-Image-2025-07-19-at-19.06.07-1-1024x683.jpeg 1024w, https:\/\/www.hepic-hub.org\/wp-content\/uploads\/2025\/07\/WhatsApp-Image-2025-07-19-at-19.06.07-1-300x200.jpeg 300w, https:\/\/www.hepic-hub.org\/wp-content\/uploads\/2025\/07\/WhatsApp-Image-2025-07-19-at-19.06.07-1-768x512.jpeg 768w, https:\/\/www.hepic-hub.org\/wp-content\/uploads\/2025\/07\/WhatsApp-Image-2025-07-19-at-19.06.07-1-1536x1024.jpeg 1536w, https:\/\/www.hepic-hub.org\/wp-content\/uploads\/2025\/07\/WhatsApp-Image-2025-07-19-at-19.06.07-1-2048x1365.jpeg 2048w, https:\/\/www.hepic-hub.org\/wp-content\/uploads\/2025\/07\/WhatsApp-Image-2025-07-19-at-19.06.07-1-1200x800.jpeg 1200w, https:\/\/www.hepic-hub.org\/wp-content\/uploads\/2025\/07\/WhatsApp-Image-2025-07-19-at-19.06.07-1-1980x1320.jpeg 1980w\" sizes=\"(max-width: 1024px) 100vw, 1024px\" \/><\/figure>\n\n\n\n<p><strong>Un ramat ath servici&nbsp;dera innovacion e eth paisatge<\/strong><\/p>\n\n\n\n<p>Eth proj\u00e8cte <strong>combine&nbsp;coneishement scientific, tecnologia&nbsp;digitau e sabers locaus<\/strong> ent\u00e0&nbsp;desvolopar un mod\u00e8l&nbsp;de gestion forestau e ramad\u00e8r compatible e sostenible.&nbsp;Durant aquest prum\u00e8r an s\u2019a consolidat <strong>eth maneg&nbsp;deth ramat, s\u2019a&nbsp;desplegat tecnologia&nbsp;de seguiment<\/strong> (coli\u00e8rs&nbsp;de geolocalizacion e barratges virtuaus), e s\u2019an iniciat <strong>estudis sus s\u00f2l, vegetacion e impacte economic.<\/strong> Tanben se trabalhe ent\u00e0 h\u00e8r era <strong>ramaderia extensiva m\u00e8s compatibla&nbsp;damb era vida personau e professionau&nbsp;des joeni,<\/strong> en&nbsp;tot&nbsp;dignificar era figura&nbsp;deth pastor\/a e promoiguent eth&nbsp;cambiament&nbsp;generacionau.<\/p>\n\n\n\n<figure class=\"wp-block-image size-large\"><img loading=\"lazy\" decoding=\"async\" width=\"1024\" height=\"683\" src=\"https:\/\/www.hepic-hub.org\/wp-content\/uploads\/2025\/07\/DSC0699-copia-1024x683.jpg\" alt=\"\" class=\"wp-image-5713\" srcset=\"https:\/\/www.hepic-hub.org\/wp-content\/uploads\/2025\/07\/DSC0699-copia-1024x683.jpg 1024w, https:\/\/www.hepic-hub.org\/wp-content\/uploads\/2025\/07\/DSC0699-copia-300x200.jpg 300w, https:\/\/www.hepic-hub.org\/wp-content\/uploads\/2025\/07\/DSC0699-copia-768x512.jpg 768w, https:\/\/www.hepic-hub.org\/wp-content\/uploads\/2025\/07\/DSC0699-copia-1536x1024.jpg 1536w, https:\/\/www.hepic-hub.org\/wp-content\/uploads\/2025\/07\/DSC0699-copia-2048x1365.jpg 2048w, https:\/\/www.hepic-hub.org\/wp-content\/uploads\/2025\/07\/DSC0699-copia-1200x800.jpg 1200w, https:\/\/www.hepic-hub.org\/wp-content\/uploads\/2025\/07\/DSC0699-copia-1980x1320.jpg 1980w\" sizes=\"(max-width: 1024px) 100vw, 1024px\" \/><\/figure>\n\n\n\n<p><strong>Ua collaboracion entre sci\u00e9ncia e territ\u00f2ri<\/strong><\/p>\n\n\n\n<p>Eth proj\u00e8cte Ovihuec.dat a estat impulsat&nbsp;per&nbsp;Ajuntament&nbsp;de Vilam\u00f2s, eth Conselh Generau&nbsp;d\u2019Aran,&nbsp;er&nbsp;IRTA, damb era collaboracion deth Centre&nbsp;de Sciencia&nbsp;e Tecnologia Forestau&nbsp;de Catalonha (CTFC), eth Centre&nbsp;de Rec\u00e8rca en Economia e&nbsp;Desvolopament Agroalimentari (CREDA-UPC-IRTA) e eth Centre Tecnologic&nbsp;dera Informacion e&nbsp;era Comunicacion (CTIC). Totes es entitats participen coma s\u00f2cis&nbsp;deth proj\u00e8cte.<\/p>\n\n\n\n<figure class=\"wp-block-image size-large\"><img loading=\"lazy\" decoding=\"async\" width=\"1024\" height=\"683\" src=\"https:\/\/www.hepic-hub.org\/wp-content\/uploads\/2025\/07\/WhatsApp-Image-2025-07-19-at-17.31.56-1024x683.jpeg\" alt=\"\" class=\"wp-image-5707\" srcset=\"https:\/\/www.hepic-hub.org\/wp-content\/uploads\/2025\/07\/WhatsApp-Image-2025-07-19-at-17.31.56-1024x683.jpeg 1024w, https:\/\/www.hepic-hub.org\/wp-content\/uploads\/2025\/07\/WhatsApp-Image-2025-07-19-at-17.31.56-300x200.jpeg 300w, https:\/\/www.hepic-hub.org\/wp-content\/uploads\/2025\/07\/WhatsApp-Image-2025-07-19-at-17.31.56-768x512.jpeg 768w, https:\/\/www.hepic-hub.org\/wp-content\/uploads\/2025\/07\/WhatsApp-Image-2025-07-19-at-17.31.56-1536x1024.jpeg 1536w, https:\/\/www.hepic-hub.org\/wp-content\/uploads\/2025\/07\/WhatsApp-Image-2025-07-19-at-17.31.56-2048x1365.jpeg 2048w, https:\/\/www.hepic-hub.org\/wp-content\/uploads\/2025\/07\/WhatsApp-Image-2025-07-19-at-17.31.56-1200x800.jpeg 1200w, https:\/\/www.hepic-hub.org\/wp-content\/uploads\/2025\/07\/WhatsApp-Image-2025-07-19-at-17.31.56-1980x1320.jpeg 1980w\" sizes=\"(max-width: 1024px) 100vw, 1024px\" \/><\/figure>\n\n\n\n<p><strong>Proj\u00e8cte finan\u00e7at&nbsp;damb hons europ\u00e8us<\/strong><\/p>\n\n\n\n<p>Ovihuec.dat a estat finan\u00e7at pera Fundaci\u00f3n Biodiversidad,&nbsp;deth Minist\u00e8ri &nbsp;entara&nbsp;Transicion Ecologica e eth R\u00e8pte&nbsp;Demografic, en encastre&nbsp;deth Plan&nbsp;de Recuperacion, Transformacion e Resili\u00e9ncia (PRTR), finan\u00e7at pera Union&nbsp;Europ\u00e8a \u2013 NextGenerationEU.<\/p>\n\n\n\n<p><em>Vielha, 19 de juhns\u00e8ga 2025<\/em><\/p>\n\n\n\n<figure class=\"wp-block-image size-large\"><img loading=\"lazy\" decoding=\"async\" width=\"1024\" height=\"70\" src=\"https:\/\/www.hepic-hub.org\/wp-content\/uploads\/2025\/06\/Amb-banderes-a-color-PNG-1024x70.png\" alt=\"\" class=\"wp-image-5403\" srcset=\"https:\/\/www.hepic-hub.org\/wp-content\/uploads\/2025\/06\/Amb-banderes-a-color-PNG-1024x70.png 1024w, https:\/\/www.hepic-hub.org\/wp-content\/uploads\/2025\/06\/Amb-banderes-a-color-PNG-300x21.png 300w, https:\/\/www.hepic-hub.org\/wp-content\/uploads\/2025\/06\/Amb-banderes-a-color-PNG-768x53.png 768w, https:\/\/www.hepic-hub.org\/wp-content\/uploads\/2025\/06\/Amb-banderes-a-color-PNG-1536x106.png 1536w, https:\/\/www.hepic-hub.org\/wp-content\/uploads\/2025\/06\/Amb-banderes-a-color-PNG-2048x141.png 2048w, https:\/\/www.hepic-hub.org\/wp-content\/uploads\/2025\/06\/Amb-banderes-a-color-PNG-1200x83.png 1200w, https:\/\/www.hepic-hub.org\/wp-content\/uploads\/2025\/06\/Amb-banderes-a-color-PNG-1980x136.png 1980w\" sizes=\"(max-width: 1024px) 100vw, 1024px\" \/><\/figure>\n","protected":false},"excerpt":{"rendered":"<p>Vilam\u00f2s, a estat er scenari, pendent dus dies, der acte centrau deth proj\u00e8cte Ovihuec.dat, ua iniciativa compartida entre institucions publiques, centres de rec\u00e8rca e administracions locaus que v\u00f2 dar a&#8230;<\/p>\n","protected":false},"author":4,"featured_media":5716,"comment_status":"closed","ping_status":"open","sticky":false,"template":"","format":"standard","meta":{"inline_featured_image":false,"footnotes":""},"categories":[85],"tags":[],"class_list":["post-5719","post","type-post","status-publish","format-standard","has-post-thumbnail","hentry","category-projectes-oc"],"_links":{"self":[{"href":"https:\/\/www.hepic-hub.org\/oc\/wp-json\/wp\/v2\/posts\/5719","targetHints":{"allow":["GET"]}}],"collection":[{"href":"https:\/\/www.hepic-hub.org\/oc\/wp-json\/wp\/v2\/posts"}],"about":[{"href":"https:\/\/www.hepic-hub.org\/oc\/wp-json\/wp\/v2\/types\/post"}],"author":[{"embeddable":true,"href":"https:\/\/www.hepic-hub.org\/oc\/wp-json\/wp\/v2\/users\/4"}],"replies":[{"embeddable":true,"href":"https:\/\/www.hepic-hub.org\/oc\/wp-json\/wp\/v2\/comments?post=5719"}],"version-history":[{"count":2,"href":"https:\/\/www.hepic-hub.org\/oc\/wp-json\/wp\/v2\/posts\/5719\/revisions"}],"predecessor-version":[{"id":5723,"href":"https:\/\/www.hepic-hub.org\/oc\/wp-json\/wp\/v2\/posts\/5719\/revisions\/5723"}],"wp:featuredmedia":[{"embeddable":true,"href":"https:\/\/www.hepic-hub.org\/oc\/wp-json\/wp\/v2\/media\/5716"}],"wp:attachment":[{"href":"https:\/\/www.hepic-hub.org\/oc\/wp-json\/wp\/v2\/media?parent=5719"}],"wp:term":[{"taxonomy":"category","embeddable":true,"href":"https:\/\/www.hepic-hub.org\/oc\/wp-json\/wp\/v2\/categories?post=5719"},{"taxonomy":"post_tag","embeddable":true,"href":"https:\/\/www.hepic-hub.org\/oc\/wp-json\/wp\/v2\/tags?post=5719"}],"curies":[{"name":"wp","href":"https:\/\/api.w.org\/{rel}","templated":true}]}}