{"id":5084,"date":"2024-12-26T14:25:07","date_gmt":"2024-12-26T13:25:07","guid":{"rendered":"https:\/\/www.hepic-hub.org\/?p=5084"},"modified":"2024-12-26T14:25:10","modified_gmt":"2024-12-26T13:25:10","slug":"balanc-annau-dun-espaci-de-trabalh-compartit-eth-coworking-de-hepic","status":"publish","type":"post","link":"https:\/\/www.hepic-hub.org\/oc\/2024\/12\/26\/balanc-annau-dun-espaci-de-trabalh-compartit-eth-coworking-de-hepic\/","title":{"rendered":"Balan\u00e7 annau d\u2019un espaci de trabalh compartit, eth coworking de H\u00e8Pic"},"content":{"rendered":"\n<ul class=\"wp-block-list\">\n<li><strong>Barram aguest 2024 damb excellentes donades d\u2019aflu\u00e9ncia d\u2019usatg\u00e8rs\/es en n\u00f2ste coworking en tot prom\u00f2ir eth teletrabalh collaboratiu<\/strong><\/li>\n<\/ul>\n\n\n\n<p>Ena carret\u00e8ra de Gausac num\u00e8ro 1 de Vielha s\u2019ubique eth coworking de H\u00e8Pic, eth centre d\u2019innovacion territoriau deth Conselh Generau, un espaci ent\u00e0 poder <strong>trabalhar en rem\u00f2t qu\u2019acuelh tant a persones residentes ena Val d\u2019Aran, coma a visitaires.<\/strong><\/p>\n\n\n\n<p>En aguestes installacions dispausam de <strong>16 l\u00f2cs de trabalh<\/strong> damb escrit\u00f2ris compartits<strong>, conexion a internet, ua impressora, 3 sales ent\u00e0 h\u00e8r amassades, 1 banh e 1 <em>office<\/em><\/strong> damb nevera, microondes e cafet\u00e8ra. Tot premanit ent\u00e0 balhar un ambient d\u2019oficina avient ent\u00e0 totes aqueres persones que h\u00e8n teletrabalh e an de besonh realizar video-confer\u00e9ncies e auer amassades confidenciaus.<\/p>\n\n\n\n<p>Deth coworking en\u00e7\u00e0, s\u2019aufrissen <strong>dues modalitats d\u2019acc\u00e8s: ua, de cuerta duracion<\/strong> ent\u00e0 aqueres persones qu\u2019agen de besonh teletrabalhar pendent mens de dues setmanes, e ua auta, <strong>de longa duracion ent\u00e0s persones deth viuen en Aran<\/strong> m\u00e8s trabalhen ent\u00e0 ua empresa de deh\u00f2ra o son persones emprenedores qu\u2019encara non dispausen de bur\u00e8u pr\u00f2pri. Ent\u00e0 aguest darr\u00e8r perfil, i a 10 places disponibles qu\u2019actuaument ja son cub\u00e8rtes ena sua totalitat.<\/p>\n\n\n\n<p>Enguan, <strong>ath del\u00e0 des 10 persones damb pla\u00e7a fixa, auem tramitat un am\u00e0s de 68 sollicituds<\/strong> ent\u00e0 poder utilizar eth coworking de forma temporau, damb m\u00e8s concentracion pendent er ostiu, Nadau e Setmana Santa.<\/p>\n\n\n\n<p>Tal e coma afirme eth conselh\u00e8r d\u2019Innovacion, Oriol Sala<em>: \u201cera creacion d\u2019aguest endret de trabalh compartit a coma <strong>objectiu era atraccion e retencion de talent <\/strong>en territ\u00f2ri, en tot aufrir era oportunitat de desvolopar ua traject\u00f2ria professionau en airaus especializadi, sustot es restacadi as naues tecnologies, des d\u2019un territ\u00f2ri de montanha coma ei era Val d\u2019Aran.\u201d<\/em> En tot h\u00edger: <em>\u201cAutan coma, m\u00e9ter a disposicion un l\u00f2c a on se poguen <strong>generar sinergies entre professionaus de sectors dispari\u00e8rs<\/strong> e crear naues linhes de trabalh o proj\u00e8ctes comuns.\u201d<\/em><\/p>\n\n\n\n<p>M\u00e8s a m\u00e8s, deth 14 ath 27 d\u2019octobre, <strong>eth coworking siguec eth l\u00f2c de trabalh des participaires deth proj\u00e8cte <em>Catalunya Rural Hub<\/em><\/strong> ent\u00e0s que s\u2019abilit\u00e8c un des espacis, era aula de formacion. Aguest programa permetec a 10 persones damb intencion d\u2019installar-se en un territ\u00f2ri de montanha poder h\u00e8r ua pr\u00f2va pil\u00f2t en Vielha en tot descorbir <strong>es facilitats de trabalh en rem\u00f2t<\/strong> en coworking damb bones installacions e connectivitat. Tanben, pod\u00e8ren con\u00e9isher es beneficis de v\u00eduer en Aran a trau\u00e8s des visites a enterpreses damb base tecnologica e a un programa d\u2019activitats culturaus e en miei naturau f\u00f2r\u00e7a complet.<\/p>\n\n\n\n<p>Tal e coma indiquen es donades, eth 70% de persones qu\u2019utilizen eth coworking de longa estada e eth 53,3% des sollicituds d\u2019acc\u00e8s temporau son hemnes, demostrant qu\u2019<strong>en 2024 er espaci a sigut majoritariament freq\u00fcentat per hemnes.<\/strong><\/p>\n\n\n\n<p>En \u00e7\u00f2 que tanh ara proced\u00e9ncia, eth 70 % de visitaires de cuerta estada e eth 50% des persones damb pla\u00e7a fixa an sigut dera <strong>provincia de Barcelona mostrant ua clara predomin\u00e0ncia d\u2019usatg\u00e8rs\/es d\u2019aguesta origina.<\/strong> Des persones qu\u2019assistissen asiduament ath coworking sonque dues son naishudes en Aran.<\/p>\n\n\n\n<p>Fin finau, pendent aguesti m\u00e8s de dus ans de foncionament deth coworking, ei important destacar qu\u2019aguest servici a propiciat <strong>dinamiques professionaus f\u00f2r\u00e7a positives<\/strong> ent\u00e0 totes es persones usatg\u00e8res des dues modalitats e a facilitat era <strong>conciliacion entre era pasion pes esp\u00f2rts de montanha e eth trabalh<\/strong> en tot prom\u00f2ir era estada e arribada de naui professionaus ath territ\u00f2ri.<\/p>\n\n\n\n<p>Ent\u00e0 saber m\u00e8s sus eth balan\u00e7 d\u2019aguest 2024 p\u00f2s li\u00e9ger eth document complet <strong>Balan\u00e7 annau d\u2019un espaci de trabalh compartit, eth coworking de H\u00e8Pic <\/strong>e se v\u00f2s saber m\u00e8s sus eth coworking o tramitar ua sollicitud mos p\u00f2s contactar a trau\u00e8s de:\u00a0 <a href=\"mailto:infohepic@aran.org\">infohepic@aran.org<\/a>.<\/p>\n","protected":false},"excerpt":{"rendered":"<p>Ena carret\u00e8ra de Gausac num\u00e8ro 1 de Vielha s\u2019ubique eth coworking de H\u00e8Pic, eth centre d\u2019innovacion territoriau deth Conselh Generau, un espaci ent\u00e0 poder trabalhar en rem\u00f2t qu\u2019acuelh tant a&#8230;<\/p>\n","protected":false},"author":4,"featured_media":5078,"comment_status":"closed","ping_status":"open","sticky":false,"template":"","format":"standard","meta":{"inline_featured_image":false,"footnotes":""},"categories":[73],"tags":[],"class_list":["post-5084","post","type-post","status-publish","format-standard","has-post-thumbnail","hentry","category-servicis"],"_links":{"self":[{"href":"https:\/\/www.hepic-hub.org\/oc\/wp-json\/wp\/v2\/posts\/5084","targetHints":{"allow":["GET"]}}],"collection":[{"href":"https:\/\/www.hepic-hub.org\/oc\/wp-json\/wp\/v2\/posts"}],"about":[{"href":"https:\/\/www.hepic-hub.org\/oc\/wp-json\/wp\/v2\/types\/post"}],"author":[{"embeddable":true,"href":"https:\/\/www.hepic-hub.org\/oc\/wp-json\/wp\/v2\/users\/4"}],"replies":[{"embeddable":true,"href":"https:\/\/www.hepic-hub.org\/oc\/wp-json\/wp\/v2\/comments?post=5084"}],"version-history":[{"count":1,"href":"https:\/\/www.hepic-hub.org\/oc\/wp-json\/wp\/v2\/posts\/5084\/revisions"}],"predecessor-version":[{"id":5085,"href":"https:\/\/www.hepic-hub.org\/oc\/wp-json\/wp\/v2\/posts\/5084\/revisions\/5085"}],"wp:featuredmedia":[{"embeddable":true,"href":"https:\/\/www.hepic-hub.org\/oc\/wp-json\/wp\/v2\/media\/5078"}],"wp:attachment":[{"href":"https:\/\/www.hepic-hub.org\/oc\/wp-json\/wp\/v2\/media?parent=5084"}],"wp:term":[{"taxonomy":"category","embeddable":true,"href":"https:\/\/www.hepic-hub.org\/oc\/wp-json\/wp\/v2\/categories?post=5084"},{"taxonomy":"post_tag","embeddable":true,"href":"https:\/\/www.hepic-hub.org\/oc\/wp-json\/wp\/v2\/tags?post=5084"}],"curies":[{"name":"wp","href":"https:\/\/api.w.org\/{rel}","templated":true}]}}