{"id":5065,"date":"2024-11-21T12:15:30","date_gmt":"2024-11-21T11:15:30","guid":{"rendered":"https:\/\/www.hepic-hub.org\/?p=5065"},"modified":"2024-12-02T12:35:25","modified_gmt":"2024-12-02T11:35:25","slug":"jornada-cicle-donatic-ta-apropar-a-expertes-enes-tic-ara-joenessa","status":"publish","type":"post","link":"https:\/\/www.hepic-hub.org\/oc\/2024\/11\/21\/jornada-cicle-donatic-ta-apropar-a-expertes-enes-tic-ara-joenessa\/","title":{"rendered":"Jornada Cicle DonaTIC t\u00e0 apropar a exp\u00e8rtes enes TIC ara joenessa"},"content":{"rendered":"\n<ul class=\"wp-block-list\">\n<li><strong>Ager dim\u00e8rcles dia 20 de noveme, a auec l\u00f2c era jornada Cicle DonaTIC en tot eth Piren\u00e8u de man\u00e8ra simult\u00e0nia en Institut de Tremp, en Institut Joan Brudieu dera Seu d\u2019Urgell e en Institut d&rsquo;Aran en Vielha.<\/strong><\/li>\n<\/ul>\n\n\n\n<p>Es ponents an sigut <strong><em>Rosa Fum\u00e0s, N\u00faria Pascual e Lara Iglesias<\/em><\/strong> e an combinat eth <strong>format presenciau damb eth online<\/strong> ent\u00e0 qu&rsquo;er alumnat podesse con\u00e9isher es sues experi\u00e9ncies e eth desvolopament des sues carr\u00e8res professionaus coma hemnes en airau des naues tecnologies.<\/p>\n\n\n\n<p>En Institut d&rsquo;Aran, <strong><em>Lara Iglesias,<\/em><\/strong> <em>CEO de Pirineos Drone Aviation SL<\/em> a pogut explicar ar <strong>alumnat de bachilierat e des cicles formatius <\/strong>de gestion administrativa e d&rsquo;Esp\u00f2rts quin a sigut era sua <strong>traject\u00f2ria academica e laborau ent\u00e0 arribar en \u00e8ster at capdeuant dera prum\u00e8ra enterpresa de <em>drones<\/em> dera Val d&rsquo;Aran.<\/strong><\/p>\n\n\n\n<figure class=\"wp-block-image size-large\"><img fetchpriority=\"high\" decoding=\"async\" width=\"1024\" height=\"769\" src=\"https:\/\/www.hepic-hub.org\/wp-content\/uploads\/2024\/12\/IMG_20241120_113014-1024x769.jpg\" alt=\"\" class=\"wp-image-5062\" srcset=\"https:\/\/www.hepic-hub.org\/wp-content\/uploads\/2024\/12\/IMG_20241120_113014-1024x769.jpg 1024w, https:\/\/www.hepic-hub.org\/wp-content\/uploads\/2024\/12\/IMG_20241120_113014-300x225.jpg 300w, https:\/\/www.hepic-hub.org\/wp-content\/uploads\/2024\/12\/IMG_20241120_113014-768x577.jpg 768w, https:\/\/www.hepic-hub.org\/wp-content\/uploads\/2024\/12\/IMG_20241120_113014-1536x1154.jpg 1536w, https:\/\/www.hepic-hub.org\/wp-content\/uploads\/2024\/12\/IMG_20241120_113014-2048x1538.jpg 2048w, https:\/\/www.hepic-hub.org\/wp-content\/uploads\/2024\/12\/IMG_20241120_113014-1200x901.jpg 1200w, https:\/\/www.hepic-hub.org\/wp-content\/uploads\/2024\/12\/IMG_20241120_113014-1980x1487.jpg 1980w\" sizes=\"(max-width: 1024px) 100vw, 1024px\" \/><\/figure>\n\n\n\n<p>Aguestes jornades s\u2019an organizat der <strong><em>\u00c1rea Digital de l&rsquo;Alt Piren\u00e8u i Aran<\/em> <\/strong>en\u00e7\u00e0, des que H\u00e8Pic h\u00e8 part, e ei un proj\u00e8cte impulsat peth <strong>Departament de Politiques Digitaus &#8211; TIC Catalunya, era Fundaci\u00f3 i2CAT e Secartys<\/strong> damb er objectiu de <strong>prom\u00f2ir es vocacions tecnologiques e apropar es referents femenines <\/strong>en aguesti airaus as naues generacions.<\/p>\n\n\n\n<p><strong>Arregra\u00efr era organizacion e coordinacion<\/strong> de totes es entitats, ara direccion e professorat des tres instituts e as hemnes emprenedores per tal d&rsquo;auan\u00e7ar en aguesta transformacion de paradigma a trau\u00e8s dera innovacion damb m\u00e8s pres\u00e9ncia femenina.<\/p>\n\n\n\n<p>Vielha, 21 de noveme de 2024.<\/p>\n","protected":false},"excerpt":{"rendered":"<p>Es ponents an sigut Rosa Fum\u00e0s, N\u00faria Pascual e Lara Iglesias e an combinat eth format presenciau damb eth online ent\u00e0 qu&rsquo;er alumnat podesse con\u00e9isher es sues experi\u00e9ncies e eth&#8230;<\/p>\n","protected":false},"author":4,"featured_media":5059,"comment_status":"closed","ping_status":"open","sticky":false,"template":"","format":"standard","meta":{"inline_featured_image":false,"footnotes":""},"categories":[85],"tags":[],"class_list":["post-5065","post","type-post","status-publish","format-standard","has-post-thumbnail","hentry","category-projectes-oc"],"_links":{"self":[{"href":"https:\/\/www.hepic-hub.org\/oc\/wp-json\/wp\/v2\/posts\/5065","targetHints":{"allow":["GET"]}}],"collection":[{"href":"https:\/\/www.hepic-hub.org\/oc\/wp-json\/wp\/v2\/posts"}],"about":[{"href":"https:\/\/www.hepic-hub.org\/oc\/wp-json\/wp\/v2\/types\/post"}],"author":[{"embeddable":true,"href":"https:\/\/www.hepic-hub.org\/oc\/wp-json\/wp\/v2\/users\/4"}],"replies":[{"embeddable":true,"href":"https:\/\/www.hepic-hub.org\/oc\/wp-json\/wp\/v2\/comments?post=5065"}],"version-history":[{"count":3,"href":"https:\/\/www.hepic-hub.org\/oc\/wp-json\/wp\/v2\/posts\/5065\/revisions"}],"predecessor-version":[{"id":5074,"href":"https:\/\/www.hepic-hub.org\/oc\/wp-json\/wp\/v2\/posts\/5065\/revisions\/5074"}],"wp:featuredmedia":[{"embeddable":true,"href":"https:\/\/www.hepic-hub.org\/oc\/wp-json\/wp\/v2\/media\/5059"}],"wp:attachment":[{"href":"https:\/\/www.hepic-hub.org\/oc\/wp-json\/wp\/v2\/media?parent=5065"}],"wp:term":[{"taxonomy":"category","embeddable":true,"href":"https:\/\/www.hepic-hub.org\/oc\/wp-json\/wp\/v2\/categories?post=5065"},{"taxonomy":"post_tag","embeddable":true,"href":"https:\/\/www.hepic-hub.org\/oc\/wp-json\/wp\/v2\/tags?post=5065"}],"curies":[{"name":"wp","href":"https:\/\/api.w.org\/{rel}","templated":true}]}}