{"id":5006,"date":"2024-10-17T11:52:36","date_gmt":"2024-10-17T09:52:36","guid":{"rendered":"https:\/\/www.hepic-hub.org\/?p=5006"},"modified":"2024-11-08T11:56:11","modified_gmt":"2024-11-08T10:56:11","slug":"arriben-es-professionaus-digitaus-deth-catalunya-rural-hub-2024-entara-val-daran","status":"publish","type":"post","link":"https:\/\/www.hepic-hub.org\/oc\/2024\/10\/17\/arriben-es-professionaus-digitaus-deth-catalunya-rural-hub-2024-entara-val-daran\/","title":{"rendered":"Arriben es professionaus digitaus deth \u2018Catalunya Rural Hub\u2019 2024 entara Val d\u2019Aran"},"content":{"rendered":"\n<ul class=\"wp-block-list\">\n<li><strong>Deluns s\u2019encetaue era prum\u00e8ra edicion que se cel\u00e8bre en Aran damb 10 professionaus digitaus que trabalhar\u00e0n en rem\u00f2t en coworking de H\u00e8Pic, eth hub d\u2019innovacion deth Conselh Generau e interactuar\u00e0n damb eth teishut economic e sociau d\u2019Aran.<\/strong><\/li>\n<\/ul>\n\n\n\n<p>Deluns, era sindica d\u2019Aran, <em><strong>Maria Verg\u00e9s,<\/strong><\/em> e eth conselh\u00e8r d\u2019Innovacion, <strong><em>Oriol Sala,<\/em><\/strong> present\u00e8ren ena seden\u00e7a deth gov\u00e8rn aran\u00e9s era naua edicion deth\u00a0<a href=\"https:\/\/www.hepic-hub.org\/oc\/catalunya-rural-hub\/\"><em>\u2018Catalunya Rural Hub\u2019<\/em><\/a>, que consist\u00eds en atr\u00e8ir professionaus der entorn digitau t\u00e0s z\u00f2nes ruraus damb er objectiu d\u2019<strong>afavorir er arra\u00eftzament\u00a0 deth talent, comb\u00e0ter eth despoblament e prom\u00f2ir eth teishut productiu e comerciau dera naua economia digitau enes territ\u00f2ris de montanha.<\/strong><\/p>\n\n\n\n<p><strong>Eth perfil d\u2019aguesti d\u00e8tz nauvenguts digitaus ei f\u00f2r\u00e7a tecnic, <\/strong>era majoria d\u2019eri son engenhaires especializadi en dades, ciberseguretat, intellig\u00e9ncia artificiau e neurosci\u00e9ncia. E en \u00e7\u00f2 que tanh ara provenen\u00e7a, n\u2019i a s\u00e8t que vien dera prov\u00edncia de Barcelona, tres dera de Tarragona e ua persona dera prov\u00edncia de Girona. Gr\u00e0cies ara nauta demanda de sollicituds d\u2019aguest proj\u00e8cte, s\u2019auec de h\u00e8r ua seleccion des candidatures damb crit\u00e8ris de diversitat sectoriau.<\/p>\n\n\n<div class=\"wp-block-image\">\n<figure class=\"aligncenter\"><a href=\"https:\/\/www.conselharan.org\/arriben-es-professionaus-digitaus-deth-catalunya-rural-hub-2024-entara-val-daran\/catalunya-rural-hub-lq-10\/\"><img decoding=\"async\" src=\"https:\/\/www.conselharan.org\/wp-content\/uploads\/2024\/10\/Catalunya-Rural-HUB-LQ-10-1024x683.jpg\" alt=\"\" class=\"wp-image-59457\"\/><\/a><\/figure>\n<\/div>\n\n\n<p>Segons era sindica d\u2019Aran, <strong><em>Maria Verg\u00e9s:<\/em><\/strong>\u00a0<em>\u201cs\u2019a daurit ua naua p\u00f2rta d\u2019oportunitats ent\u00e0s territ\u00f2ris de montanha gr\u00e0cies ara possibilitat deth format de teletrebalh implantat en f\u00f2r\u00e7a enterpreses, e eth Catalunya Rural Hub represente ua excellenta experi\u00e9ncia ent\u00e0 toti aqueri qu\u2019an era volontat de despla\u00e7ar-se tath mon rurau ent\u00e0 continuar era sua carr\u00e8ra professionau\u201d.<\/em><\/p>\n\n\n\n<p><strong>Pendent dues setmanes,<\/strong> enquiath 27 d\u2019octobre, aguesti trabalhadors e trabalhadores poir\u00e0n h\u00e8r <strong>ua pr\u00f2va pil\u00f2t de coma ei v\u00eduer e trabalhar en Aran<\/strong> en tot complir damb era sua jornada laborau en rem\u00f2t des deth <em>coworking<\/em> de H\u00e8Pic, a on s\u2019a abilitat un espaci entada eri en conviv\u00e9ncia damb es professionaus deth <em>coworking<\/em> de longa estada.<\/p>\n\n\n\n<p>E t\u00e0s tardes e es dimenjades, s\u2019an organizat nombroses activitats opcionaus ent\u00e0 que poguen con\u00e9isher es r\u00e8ptes des enterpreses damb basa tecnologica d\u2019Aran, e tanben gaudir des n\u00f2sti paisatges e descorbir era n\u00f2sta cultura pr\u00f2pria. <strong>Un programa f\u00f2r\u00e7a complet damb er objectiu de qu\u2019es participants deth proj\u00e8cte poguen experimentar era qualitat de vida qu\u2019aufrissen es territ\u00f2ris de montanha.<\/strong><\/p>\n\n\n<div class=\"wp-block-image\">\n<figure class=\"aligncenter\"><a href=\"https:\/\/www.conselharan.org\/arriben-es-professionaus-digitaus-deth-catalunya-rural-hub-2024-entara-val-daran\/catalunya-rural-hub-lq-22\/\"><img decoding=\"async\" src=\"https:\/\/www.conselharan.org\/wp-content\/uploads\/2024\/10\/Catalunya-Rural-HUB-LQ-22-1024x683.jpg\" alt=\"\" class=\"wp-image-59451\"\/><\/a><\/figure>\n<\/div>\n\n\n<p>En paraules d\u2019<strong><em>Oriol Sala,<\/em><\/strong> conselh\u00e8r d\u2019Innovacion: <em>\u201cera n\u00f2sta intencion damb aguest proj\u00e8cte ei, ath del\u00e0 d\u2019art\u00e9nher que quauqu\u2019uns des participants s\u2019establisquen en territ\u00f2ri e desvol\u00f2pen eth s\u00f2n proj\u00e8cte empresariau en Aran, ei crear sin\u00e8rgies e ampliar coneishement en airaus tecnologics e dera innovacion damb es enterpreses deth territ\u00f2ri\u201d.<\/em><\/p>\n\n\n\n<p>Vielha, 17 d\u2019octobre 2024<\/p>\n","protected":false},"excerpt":{"rendered":"<p>Deluns, era sindica d\u2019Aran, Maria Verg\u00e9s, e eth conselh\u00e8r d\u2019Innovacion, Oriol Sala, present\u00e8ren ena seden\u00e7a deth gov\u00e8rn aran\u00e9s era naua edicion deth\u00a0\u2018Catalunya Rural Hub\u2019, que consist\u00eds en atr\u00e8ir professionaus der&#8230;<\/p>\n","protected":false},"author":4,"featured_media":5001,"comment_status":"closed","ping_status":"open","sticky":false,"template":"","format":"standard","meta":{"inline_featured_image":false,"footnotes":""},"categories":[76,79,82,85],"tags":[],"class_list":["post-5006","post","type-post","status-publish","format-standard","has-post-thumbnail","hentry","category-emprener","category-innovacion-oc","category-profesionaus","category-projectes-oc"],"_links":{"self":[{"href":"https:\/\/www.hepic-hub.org\/oc\/wp-json\/wp\/v2\/posts\/5006","targetHints":{"allow":["GET"]}}],"collection":[{"href":"https:\/\/www.hepic-hub.org\/oc\/wp-json\/wp\/v2\/posts"}],"about":[{"href":"https:\/\/www.hepic-hub.org\/oc\/wp-json\/wp\/v2\/types\/post"}],"author":[{"embeddable":true,"href":"https:\/\/www.hepic-hub.org\/oc\/wp-json\/wp\/v2\/users\/4"}],"replies":[{"embeddable":true,"href":"https:\/\/www.hepic-hub.org\/oc\/wp-json\/wp\/v2\/comments?post=5006"}],"version-history":[{"count":1,"href":"https:\/\/www.hepic-hub.org\/oc\/wp-json\/wp\/v2\/posts\/5006\/revisions"}],"predecessor-version":[{"id":5007,"href":"https:\/\/www.hepic-hub.org\/oc\/wp-json\/wp\/v2\/posts\/5006\/revisions\/5007"}],"wp:featuredmedia":[{"embeddable":true,"href":"https:\/\/www.hepic-hub.org\/oc\/wp-json\/wp\/v2\/media\/5001"}],"wp:attachment":[{"href":"https:\/\/www.hepic-hub.org\/oc\/wp-json\/wp\/v2\/media?parent=5006"}],"wp:term":[{"taxonomy":"category","embeddable":true,"href":"https:\/\/www.hepic-hub.org\/oc\/wp-json\/wp\/v2\/categories?post=5006"},{"taxonomy":"post_tag","embeddable":true,"href":"https:\/\/www.hepic-hub.org\/oc\/wp-json\/wp\/v2\/tags?post=5006"}],"curies":[{"name":"wp","href":"https:\/\/api.w.org\/{rel}","templated":true}]}}