{"id":4995,"date":"2024-06-21T11:34:37","date_gmt":"2024-06-21T09:34:37","guid":{"rendered":"https:\/\/www.hepic-hub.org\/?p=4995"},"modified":"2024-11-08T11:38:40","modified_gmt":"2024-11-08T10:38:40","slug":"arribe-eth-catalunya-rural-hub-tara-val-daran-emprenedoria-ena-montanha-enta-combater-eth-despoblament","status":"publish","type":"post","link":"https:\/\/www.hepic-hub.org\/oc\/2024\/06\/21\/arribe-eth-catalunya-rural-hub-tara-val-daran-emprenedoria-ena-montanha-enta-combater-eth-despoblament\/","title":{"rendered":"Arribe eth \u2018Catalunya Rural Hub\u2019 tara Val d\u2019Aran, emprenedoria ena montanha ent\u00e0 comb\u00e0ter eth despoblament"},"content":{"rendered":"\n<ul class=\"wp-block-list\">\n<li><strong>Au\u00e9 s\u2019an daurit es inscripcions web deth\u00a0<em>\u2018Catalunya Rural Hub\u2019\u00a0<\/em>2024 que se realizar\u00e0 ath long de dues setmanes, entre eth 14 e eth 27 d\u2019octobre en Vielha.<\/strong><\/li>\n\n\n\n<li><strong>Era convocat\u00f2ria ei dub\u00e8rta ent\u00e0 10 persones que trabalhar\u00e0n en rem\u00f2t en coworking de H\u00e8Pic, eth hub d\u2019innovacion deth Conselh Generau, e interactuar\u00e0n damb eth teishut economic e sociau d\u2019Aran.<\/strong><\/li>\n<\/ul>\n\n\n\n<p>Aguesta naua edicion deth\u00a0<a href=\"https:\/\/www.hepic-hub.org\/oc\/catalunya-rural-hub\/\"><em>\u2018Catalunya Rural Hub\u2019<\/em><\/a>\u00a0supause era continuacion deth proj\u00e8cte iniciat ara h\u00e8 tres ans peth\u00a0<em>Govern de Catalunya,<\/em>\u00a0a trau\u00e8s dera Secretaria de Politiques Digitaus, e Mobile World Capital Barcelona, que consist\u00eds en<strong> atr\u00e8ir professionaus der encastre digitau t\u00e0s z\u00f2nes ruraus damb er objectiu d\u2019afavorir er arra\u00eftzament\u00a0 deth talent, comb\u00e0ter eth despoblament e dinamizar era economia d\u2019aguesti territ\u00f2ris. <\/strong>Eth Conselh Generau d\u2019Aran, mejan\u00e7ant eth hub d\u2019innovacion H\u00e8PIC, pren eth rel\u00e8u d\u2019aguesta iniciativa ent\u00e0 prom\u00f2ir eth teishut productiu e comerciau dera naua economia digitau enes territ\u00f2ris de montanha.<\/p>\n\n\n\n<p>Segons era sindica d\u2019Aran, Maria Verg\u00e9s,&nbsp;<em>\u201cera intencion d\u2019aguest proj\u00e8cte ei convertir era tecnologia en un estrument ent\u00e0 melhorar era igualtat d\u2019oportunitats. Ei un cas practic ent\u00e0 demostrar que se p\u00f2t v\u00eduer en un entorn rurau en tot desvolopar ua activitat professionau tecnologica. Eth trabalh en rem\u00f2t a h\u00e8t possible aguesta naua tipologia de trabalh que, demp\u00fas dera COVID, ja s\u2019a implantat en f\u00f2r\u00e7a enterpreses.\u201d<\/em><\/p>\n\n\n\n<p><strong>Calendari e dubertura d\u2019inscripcions<\/strong><\/p>\n\n\n\n<p>En aguesta edicion, un totau de <strong>10 professionaus digitaus<\/strong> aur\u00e0n era possibilitat de convertir-se en\u00a0<em>remote workers<\/em>\u00a0pendent dues setmanes en Vielha (Vau d\u2019Aran). <strong>Es inscripcions<\/strong> ent\u00e0 poder optar a ua d\u2019aguestes places ja son daub\u00e8rtes<strong> enquiath 31 d\u2019agost. <\/strong>S\u2019i p\u00f2den inscr\u00eduer <strong>professionaus auton\u00f2ms, trabalhadors\/se d\u2019enterpreses digitaus, persones emprenedores e personau de l\u2019Administracion Publica.<\/strong>\u00a0 Entara seleccion se tier\u00e0n en compde crit\u00e8ris coma eth genre (se cerque representativitat d\u2019and\u00fas); era edat (se prom\u00f2 era multiplicitat de perfils en diferenti moments vitaus); e es sectors despari\u00e8rs (ent\u00e0 garantir era varietat de tipologies d\u2019emprenedoria e eth r\u00f2tle des participants en aguestes).<\/p>\n\n\n\n<p>Eth proj\u00e8cte se desvolopar\u00e0, principaument, en Vielha <strong>deth 14 ara 27 d\u2019octobre.<\/strong> Es participants disposar\u00e0n pendent 15 dies, gratu\u00eftaments de: lotjament, d\u2019un espaci de coworking, era participacion en un Congr\u00e8s de Ciberseguretat e un <strong>programa d\u2019activitats que les permeter\u00e0 descorbir era montanha e era<\/strong> n\u00f2sta cultura, es enterpreses e eth teishut economic e sociau d\u2019Aran, damb era intencion de que poguen establir relacions personaus e professionaus.<\/p>\n\n\n\n<p>Se meter\u00e0 ara disposicion des participants totes es installacions disponibles ena z\u00f2na ent\u00e0 poder teletreballar en tot compartir espaci de coworking damb persones emprenedores que ja h\u00e8 dus ans que compartissen aguest l\u00f2c. Tanben, s\u2019an organizat amassades damb es principaus enterpreses e iniciatives d\u2019Aran ent\u00e0 h\u00e8r a con\u00e9isher es oportunitats de neg\u00f2ci deth territ\u00f2ri e es r\u00e8ptes a superar ara ora d\u2019empr\u00e9ner. <strong>Se tracte d\u2019ua iniciativa ent\u00e0 prom\u00f2ir er escambi de coneishen\u00e7a ent\u00e0 pr\u00e9ner era decision d\u2019iniciar ua vida en entorn rurau<\/strong> en tot experimentar era melhora dera qualitat de vida compatibla damb eth desvolopament professionau.<\/p>\n\n\n\n<p>Eth programa tanben incorp\u00f2re nombroses activitats ludicoesportives e culturaus ent\u00e0 h\u00e8r a con\u00e9isher tot aquer\u00f2 qu\u2019eth territ\u00f2ri p\u00f2t aufrir ath del\u00e0 des installacions e era connectivitat. Tastets gastronomics, rotes ent\u00e0 descorbir b\u00f2squi colorits e majestuosi, o proj\u00e8ctes innovadors damb intellig\u00e9ncia artificiau son sonque quauqu\u2019ues des aventures uniques qu\u2019es&nbsp;<em>coworkers<\/em>&nbsp;aur\u00e0n eth privil\u00e8gi d\u2019experimentar.<\/p>\n\n\n\n<p>Era intencion d\u2019aguest proj\u00e8cte ei incentivar qu\u2019es professionaus s\u2019arra\u00eftzen enes entorns ruraus ent\u00e0 desvolopar-i era sua vida personau e professionau. En aguesta linha, ena avaloracion des participants des anteriores edicions, suberg\u00e9s coma asp\u00e8cte m\u00e8s avalorat eth h\u00e8t de poder trabalhar entornejadi de natura; eth 80% des participants ditz qu\u2019a melhorat eth s\u00f2n rendiment per aguest h\u00e8t e sustot era sua qualitat de vida. Eth programa se place, segontes eth 75% des participants, coma motor ent\u00e0 trincar damb es prejudicis sus eth mon rurau, coma qu\u2019era integracion sociau ei complicada, qu\u2019era auf\u00e8rta de servicis ei limitada o qu\u2019era connectivitat non ei excellenta. Toti es participantss co\u00efncidissen qu\u2019eth programa ei <strong>ua oportunitat unica ent\u00e0 h\u00e8r ua prum\u00e8ra avaloracion sus era possibilitat de convertir-se en emprenedors ruraus.<\/strong><\/p>\n\n\n\n<p>Vielha, 21 de junh de 2024<\/p>\n","protected":false},"excerpt":{"rendered":"<p>Aguesta naua edicion deth\u00a0\u2018Catalunya Rural Hub\u2019\u00a0supause era continuacion deth proj\u00e8cte iniciat ara h\u00e8 tres ans peth\u00a0Govern de Catalunya,\u00a0a trau\u00e8s dera Secretaria de Politiques Digitaus, e Mobile World Capital Barcelona, que&#8230;<\/p>\n","protected":false},"author":4,"featured_media":3604,"comment_status":"closed","ping_status":"open","sticky":false,"template":"","format":"standard","meta":{"inline_featured_image":false,"footnotes":""},"categories":[76,79,82],"tags":[],"class_list":["post-4995","post","type-post","status-publish","format-standard","has-post-thumbnail","hentry","category-emprener","category-innovacion-oc","category-profesionaus"],"_links":{"self":[{"href":"https:\/\/www.hepic-hub.org\/oc\/wp-json\/wp\/v2\/posts\/4995","targetHints":{"allow":["GET"]}}],"collection":[{"href":"https:\/\/www.hepic-hub.org\/oc\/wp-json\/wp\/v2\/posts"}],"about":[{"href":"https:\/\/www.hepic-hub.org\/oc\/wp-json\/wp\/v2\/types\/post"}],"author":[{"embeddable":true,"href":"https:\/\/www.hepic-hub.org\/oc\/wp-json\/wp\/v2\/users\/4"}],"replies":[{"embeddable":true,"href":"https:\/\/www.hepic-hub.org\/oc\/wp-json\/wp\/v2\/comments?post=4995"}],"version-history":[{"count":1,"href":"https:\/\/www.hepic-hub.org\/oc\/wp-json\/wp\/v2\/posts\/4995\/revisions"}],"predecessor-version":[{"id":4996,"href":"https:\/\/www.hepic-hub.org\/oc\/wp-json\/wp\/v2\/posts\/4995\/revisions\/4996"}],"wp:featuredmedia":[{"embeddable":true,"href":"https:\/\/www.hepic-hub.org\/oc\/wp-json\/wp\/v2\/media\/3604"}],"wp:attachment":[{"href":"https:\/\/www.hepic-hub.org\/oc\/wp-json\/wp\/v2\/media?parent=4995"}],"wp:term":[{"taxonomy":"category","embeddable":true,"href":"https:\/\/www.hepic-hub.org\/oc\/wp-json\/wp\/v2\/categories?post=4995"},{"taxonomy":"post_tag","embeddable":true,"href":"https:\/\/www.hepic-hub.org\/oc\/wp-json\/wp\/v2\/tags?post=4995"}],"curies":[{"name":"wp","href":"https:\/\/api.w.org\/{rel}","templated":true}]}}