{"id":2826,"date":"2024-05-02T13:41:12","date_gmt":"2024-05-02T11:41:12","guid":{"rendered":"https:\/\/www.hepic-hub.org\/?p=2826"},"modified":"2024-05-02T13:41:15","modified_gmt":"2024-05-02T11:41:15","slug":"soficialize-era-cession-dera-antiga-bastissa-dobres-publiques-ath-conselh-generau-daran","status":"publish","type":"post","link":"https:\/\/www.hepic-hub.org\/oc\/2024\/05\/02\/soficialize-era-cession-dera-antiga-bastissa-dobres-publiques-ath-conselh-generau-daran\/","title":{"rendered":"S\u2019oficialize era cession dera antiga bastissa d\u2019\u00f2bres publiques ath Conselh Generau d\u2019Aran"},"content":{"rendered":"\n<p>\u2022&nbsp;<strong>Demp\u00fas dera signatura deth conv\u00e8ni deth Conselh Generau d\u2019Aran damb eth Minist\u00e8ri tara Transicion Ecologica e eth R\u00e8pte Demografic tara cession d\u2019aguest edifici, aguesta a estat dej\u00e0 oficializada.<\/strong><\/p>\n\n\n\n<p><strong>\u2022 Eth gov\u00e8rn aran\u00e9s comen\u00e7\u00e0r\u00e0 era prum\u00e8ra fasa de reabilitacion, der edifici que servir\u00e0 ent\u00e0 acu\u00e9lher eth nau espaci comun, H\u00c8PIC, de coworking e de dinamizacion dera activitat economica e empresariau vinculat ath HUB d\u2019innovacion.<\/strong><\/p>\n\n\n\n<p><strong>\u2022 Er actuau espaci coworking, pla\u00e7at ena carret\u00e8ra de Gausac a acuelhut enquiath moment a ua ueitantia d\u2019usatg\u00e8rs pendent es dus ans qu\u2019ei actiu, des quaus s\u00e8t i an demorat de forma permanenta e ei de besonh un nau espaci pr\u2019amor deth naut nombre de sollicituds e es dimensions deth madeish.<\/strong><\/p>\n\n\n\n<p>Eth Gov\u00e8rn d\u2019Aran artenh per part deth Estat era oficializacion dera cession dera antiga bastissa d\u2019\u00f2bres publiques pla\u00e7ada en centre de Vielha demp\u00fas dera signatura deth conv\u00e8ni entre andues administracion. Ara ei previst que s\u00b4inicie era prum\u00e8ra fasa des \u00f2bres d\u2019adeq\u00fcacion der espaci per part deth Conselh Generau d\u2019Aran, damb hons pr\u00f2pris e damb recorsi provients d\u2019un ajut dera secretaria generau tath R\u00e8pte Demografic, corresponenta ara reabilitacion integrau d\u2019aguest equipament d\u2019usatge public, qu\u2019a de servir ent\u00e0 consolidar un espaci comun, H\u00e8pic, e qu\u2019acuelhe eth nau espaci de coworking e de dinamizacion dera activitat economica e empresariau, vinculat ath HUB d\u2019innovacion.<\/p>\n\n\n\n<p>En aguesta bastissa se preten tanben crear un punt de connexion entre empreses de dispari\u00e8ri niv\u00e8us, actuant de dinamizador entre petites iniciatives d\u2019emprenediment e d\u2019autes de major grad de consolidacion. Actuaument, aguesta foncion s\u2019amie a t\u00e8rme en espaci de coworking vinculat a H\u00e8Pic.<\/p>\n\n\n\n<p>Atau madeish, damb era abilitacion de tot aguest espaci, que s\u2019amiar\u00e0 a t\u00e8rme per fases en tot iniciar-se es prum\u00e8rs trabalhs ena antica casa, eth gov\u00e8rn d\u2019Aran cedir\u00e0 ua part dera finca ar Ajuntament de Vielha e Mijaran ent\u00e0 que pogue bastir un carr\u00e8r que conn\u00e8cte era avenguda Casti\u00e8ro damb era z\u00f2na des jutjats de Vielha, en tot daurir atau aguesta z\u00f2na deth cap l\u00f2c aran\u00e9s.<\/p>\n\n\n\n<p>Entara sindica d\u2019Aran, Maria Verg\u00e9s, aguesta cession \u00ab permeter\u00e0 contunhar damb es politiques d\u2019innovacion territoriau e de retencion deth talent que deth gov\u00e8rn d\u2019Aran en\u00e7\u00e0 venguem trabalhant \u00bb e higie que \u00ab aguest edifici p\u00f2rte ans en des\u00fas e damb aguest nau emplec ajudar\u00e0 a, per un l\u00f2c dignificar aqueth espaci de Vielha e, per aute, a dar un nau impuls ath trabalh qu\u2019era maxima insitucion amie a t\u00e8rme ent\u00e0 diversificar eth n\u00f2ste mod\u00e8l economic \u00bb. \u00b4<\/p>\n","protected":false},"excerpt":{"rendered":"<p>\u2022&nbsp;Demp\u00fas dera signatura deth conv\u00e8ni deth Conselh Generau d\u2019Aran damb eth Minist\u00e8ri tara Transicion Ecologica e eth R\u00e8pte Demografic tara cession d\u2019aguest edifici, aguesta a estat dej\u00e0 oficializada. \u2022 Eth&#8230;<\/p>\n","protected":false},"author":4,"featured_media":2823,"comment_status":"closed","ping_status":"open","sticky":false,"template":"","format":"standard","meta":{"inline_featured_image":false,"footnotes":""},"categories":[79,73],"tags":[],"class_list":["post-2826","post","type-post","status-publish","format-standard","has-post-thumbnail","hentry","category-innovacion-oc","category-servicis"],"_links":{"self":[{"href":"https:\/\/www.hepic-hub.org\/oc\/wp-json\/wp\/v2\/posts\/2826","targetHints":{"allow":["GET"]}}],"collection":[{"href":"https:\/\/www.hepic-hub.org\/oc\/wp-json\/wp\/v2\/posts"}],"about":[{"href":"https:\/\/www.hepic-hub.org\/oc\/wp-json\/wp\/v2\/types\/post"}],"author":[{"embeddable":true,"href":"https:\/\/www.hepic-hub.org\/oc\/wp-json\/wp\/v2\/users\/4"}],"replies":[{"embeddable":true,"href":"https:\/\/www.hepic-hub.org\/oc\/wp-json\/wp\/v2\/comments?post=2826"}],"version-history":[{"count":1,"href":"https:\/\/www.hepic-hub.org\/oc\/wp-json\/wp\/v2\/posts\/2826\/revisions"}],"predecessor-version":[{"id":2827,"href":"https:\/\/www.hepic-hub.org\/oc\/wp-json\/wp\/v2\/posts\/2826\/revisions\/2827"}],"wp:featuredmedia":[{"embeddable":true,"href":"https:\/\/www.hepic-hub.org\/oc\/wp-json\/wp\/v2\/media\/2823"}],"wp:attachment":[{"href":"https:\/\/www.hepic-hub.org\/oc\/wp-json\/wp\/v2\/media?parent=2826"}],"wp:term":[{"taxonomy":"category","embeddable":true,"href":"https:\/\/www.hepic-hub.org\/oc\/wp-json\/wp\/v2\/categories?post=2826"},{"taxonomy":"post_tag","embeddable":true,"href":"https:\/\/www.hepic-hub.org\/oc\/wp-json\/wp\/v2\/tags?post=2826"}],"curies":[{"name":"wp","href":"https:\/\/api.w.org\/{rel}","templated":true}]}}