{"id":2778,"date":"2023-03-30T14:56:20","date_gmt":"2023-03-30T12:56:20","guid":{"rendered":"https:\/\/www.hepic-hub.org\/?p=2778"},"modified":"2023-03-30T14:56:24","modified_gmt":"2023-03-30T12:56:24","slug":"i-jornada-dinnovacion-e-economia-dera-val-daran","status":"publish","type":"post","link":"https:\/\/www.hepic-hub.org\/oc\/2023\/03\/30\/i-jornada-dinnovacion-e-economia-dera-val-daran\/","title":{"rendered":"I Jornada d\u2019Innovacion e Economia dera Val d\u2019Aran"},"content":{"rendered":"\n<p>Eth deluns 20 de mar\u00e7 se hec era I Jornada d\u2019Innovacion e Economia dera Val d\u2019Aran, un eveniment organizat per H\u00e8Pic, eth Conselh Generau d\u2019Aran, eth Minist\u00e8ri entara Transicion Ecologica e eth R\u00e8pte Demografic e era Associacion d\u2019Innovacion en Territ\u00f2ris de Montanha.<\/p>\n\n\n\n<p>Aguest acte const\u00e8c de dues parts: ena prum\u00e8ra se podec ent\u00e9ner a Carlos Barrab\u00e9s, fondador de Barrab\u00e9s e ESNEPI, era Esc\u00f2la de Neg\u00f2cis deth Piren\u00e8u, que d\u00e8c mod\u00e8ls ent\u00e0 preveir e poder innovar en territ\u00f2ri. Demp\u00fas intervenguec Franc\u00e9s Boya, secretari generau entath R\u00e8pte Demografic, qu\u2019expliqu\u00e8c com es Centres d\u2019Innovacion Territoriau son un mod\u00e8l d\u2019instrument ent\u00e0 lutar contra eth despoblament.<\/p>\n\n\n\n<p>Ena dusau part dera jornada, es presents, provenenti dera Val d\u2019Aran e de d\u2019auti territ\u00f2ris coma \u00d2sca, Lh\u00e8ida e tanben Madrid, particip\u00e8ren enes dinamiques de networking. Damb aguest trabalh en equipa, s&rsquo;identifiqu\u00e8ren es desfisi particulars qu\u2019a cada sector ent\u00e0 innovar e configur\u00e8ren ua lista de solucions e responses. Aguesta session, ath del\u00e0 d&rsquo;\u00e8ster un moment de trabalh en equipa, servic t\u00e0 generar relacions professionaus entre es participants. Facilit\u00e8c eth creishement deth hilat d\u2019agents que configure er ecosist\u00e8ma H\u00e8Pic.<\/p>\n\n\n\n<p>Demp\u00fas d\u2019aguesta jornada, que compd\u00e8c damb era participacion de 80 persones, se sajar\u00e0 de dar solucion as diferenti objectius identificadi e art\u00e9nher d\u2019aguesta man\u00e8ra d\u2019aumentar eth teishut emprenedor e empresariau des territ\u00f2ris ruraus e de montanha.<\/p>\n","protected":false},"excerpt":{"rendered":"<p>Eth deluns 20 de mar\u00e7 se hec era I Jornada d\u2019Innovacion e Economia dera Val d\u2019Aran, un eveniment organizat per H\u00e8Pic, eth Conselh Generau d\u2019Aran, eth Minist\u00e8ri entara Transicion Ecologica&#8230;<\/p>\n","protected":false},"author":6,"featured_media":2773,"comment_status":"closed","ping_status":"open","sticky":false,"template":"","format":"standard","meta":{"inline_featured_image":false,"footnotes":""},"categories":[85],"tags":[],"class_list":["post-2778","post","type-post","status-publish","format-standard","has-post-thumbnail","hentry","category-projectes-oc"],"_links":{"self":[{"href":"https:\/\/www.hepic-hub.org\/oc\/wp-json\/wp\/v2\/posts\/2778","targetHints":{"allow":["GET"]}}],"collection":[{"href":"https:\/\/www.hepic-hub.org\/oc\/wp-json\/wp\/v2\/posts"}],"about":[{"href":"https:\/\/www.hepic-hub.org\/oc\/wp-json\/wp\/v2\/types\/post"}],"author":[{"embeddable":true,"href":"https:\/\/www.hepic-hub.org\/oc\/wp-json\/wp\/v2\/users\/6"}],"replies":[{"embeddable":true,"href":"https:\/\/www.hepic-hub.org\/oc\/wp-json\/wp\/v2\/comments?post=2778"}],"version-history":[{"count":1,"href":"https:\/\/www.hepic-hub.org\/oc\/wp-json\/wp\/v2\/posts\/2778\/revisions"}],"predecessor-version":[{"id":2779,"href":"https:\/\/www.hepic-hub.org\/oc\/wp-json\/wp\/v2\/posts\/2778\/revisions\/2779"}],"wp:featuredmedia":[{"embeddable":true,"href":"https:\/\/www.hepic-hub.org\/oc\/wp-json\/wp\/v2\/media\/2773"}],"wp:attachment":[{"href":"https:\/\/www.hepic-hub.org\/oc\/wp-json\/wp\/v2\/media?parent=2778"}],"wp:term":[{"taxonomy":"category","embeddable":true,"href":"https:\/\/www.hepic-hub.org\/oc\/wp-json\/wp\/v2\/categories?post=2778"},{"taxonomy":"post_tag","embeddable":true,"href":"https:\/\/www.hepic-hub.org\/oc\/wp-json\/wp\/v2\/tags?post=2778"}],"curies":[{"name":"wp","href":"https:\/\/api.w.org\/{rel}","templated":true}]}}