{"id":2469,"date":"2023-03-06T13:56:16","date_gmt":"2023-03-06T12:56:16","guid":{"rendered":"https:\/\/www.hepic-hub.org\/?p=2469"},"modified":"2023-03-06T13:57:48","modified_gmt":"2023-03-06T12:57:48","slug":"jornades-deth-hilat-de-centres-dinnovacion-territoriau","status":"publish","type":"post","link":"https:\/\/www.hepic-hub.org\/oc\/2023\/03\/06\/jornades-deth-hilat-de-centres-dinnovacion-territoriau\/","title":{"rendered":"Jornades deth Hilat de Centres d\u2019Innovacion Territoriau"},"content":{"rendered":"\n<p>H\u00e8Pic particip\u00e8c a principis de hereu\u00e8r enes prum\u00e8res jornades Hilat de Centres d\u2019Innovacion Territoriau en municipi asturian de Pola de Somiedo. Aguest eveniment, organizat peth Minist\u00e8ri entara Transicion Ecologica e eth R\u00e8pte Demografic, amass\u00e8c a entitats publiques e privades de diferentes prov\u00edncies ent\u00e0 m\u00e9ter en comun es estrat\u00e8gies, objectius e solucions innovadores qu\u2019a cada territ\u00f2ri.<\/p>\n\n\n\n<p>Ena exposicion amiada a t\u00e8rme peth responsable de H\u00e8Pic, qu\u2019ei important per \u00e8ster eth prum\u00e8r Centre d\u2019Innovacion Territoriau, se remerqu\u00e8c eth met\u00f2de innovador e participatiu que produsic eth madeish centre. Aguest eveniment permetec intercambiar experi\u00e9ncies ruraus e assolid\u00e8c es relacions inter e intra territoriaus d\u2019aguesti centres.<\/p>\n\n\n\n<p>Es Centres d\u2019Innovacion Territoriau son eth nau mod\u00e8l ent\u00e0 prom\u00f2ir un desvolopament sostenible e sociauments responsable des territ\u00f2ris e, ath madeish temps, serv\u00eds t\u00e0 trincar damb era in\u00e8rcia de desbrembe qu\u2019an patit aguesti l\u00f2cs.<\/p>\n\n\n\n<p>Ath long d\u2019aguest eveniment gessec un conc\u00e8pte comun en totes es conv\u00e8rses: eth dera innovacion. Poder diversificar eth mod\u00e8l economic e revalorar eth pr\u00f2pi cont\u00e8xte de cada territ\u00f2ri s\u2019artenh gr\u00e0cies ara innovacion, a naues solucions que n\u00e8ishen enes p\u00f2bles. T\u00e0 atr\u00e8ir aguesta metodologia, es CIT son ua palanca ent\u00e0s administracions, es empreses, es organizacions e es persones. Aquiu, toti es agents son benvengudi.<\/p>\n\n\n\n<p>Ath del\u00e0, se remerqu\u00e8c qu&rsquo;era innovacion non ei tecnologia e pro, tanben ei potenciar eth capitau uman pr\u00f2pri de toti e cada un des p\u00f2bles. Per a\u00e7\u00f2 madeish, innovar permet potenciar, restacar e atr\u00e8ir eth talent de persones damb idees naues e un comprom\u00eds f\u00f2rt damb eth m\u00e8di ambient e era societat.<\/p>\n\n\n\n<p>En darr\u00e8r l\u00f2c, en aguestes jornades H\u00e8Pic collabor\u00e8c re\u00efterant eth s\u00f2n comprom\u00eds damb toti e totes es persones e Centres d\u2019Innovacion Territoriau mejan\u00e7ant era Declaracion de Somiedo entara Innovacion Territoriau en M\u00e8di Rurau, qu\u2019ei un decal\u00f2g de proposicions qu\u2019aspiren a convertir-se en principi d\u2019accion d\u2019aguestes palanques innovadores der entorn rurau.<\/p>\n","protected":false},"excerpt":{"rendered":"<p>H\u00e8Pic particip\u00e8c a principis de hereu\u00e8r enes prum\u00e8res jornades Hilat de Centres d\u2019Innovacion Territoriau en municipi asturian de Pola de Somiedo. Aguest eveniment, organizat peth Minist\u00e8ri entara Transicion Ecologica e&#8230;<\/p>\n","protected":false},"author":6,"featured_media":2445,"comment_status":"closed","ping_status":"open","sticky":false,"template":"","format":"standard","meta":{"inline_featured_image":false,"footnotes":""},"categories":[79],"tags":[],"class_list":["post-2469","post","type-post","status-publish","format-standard","has-post-thumbnail","hentry","category-innovacion-oc"],"_links":{"self":[{"href":"https:\/\/www.hepic-hub.org\/oc\/wp-json\/wp\/v2\/posts\/2469","targetHints":{"allow":["GET"]}}],"collection":[{"href":"https:\/\/www.hepic-hub.org\/oc\/wp-json\/wp\/v2\/posts"}],"about":[{"href":"https:\/\/www.hepic-hub.org\/oc\/wp-json\/wp\/v2\/types\/post"}],"author":[{"embeddable":true,"href":"https:\/\/www.hepic-hub.org\/oc\/wp-json\/wp\/v2\/users\/6"}],"replies":[{"embeddable":true,"href":"https:\/\/www.hepic-hub.org\/oc\/wp-json\/wp\/v2\/comments?post=2469"}],"version-history":[{"count":2,"href":"https:\/\/www.hepic-hub.org\/oc\/wp-json\/wp\/v2\/posts\/2469\/revisions"}],"predecessor-version":[{"id":2471,"href":"https:\/\/www.hepic-hub.org\/oc\/wp-json\/wp\/v2\/posts\/2469\/revisions\/2471"}],"wp:featuredmedia":[{"embeddable":true,"href":"https:\/\/www.hepic-hub.org\/oc\/wp-json\/wp\/v2\/media\/2445"}],"wp:attachment":[{"href":"https:\/\/www.hepic-hub.org\/oc\/wp-json\/wp\/v2\/media?parent=2469"}],"wp:term":[{"taxonomy":"category","embeddable":true,"href":"https:\/\/www.hepic-hub.org\/oc\/wp-json\/wp\/v2\/categories?post=2469"},{"taxonomy":"post_tag","embeddable":true,"href":"https:\/\/www.hepic-hub.org\/oc\/wp-json\/wp\/v2\/tags?post=2469"}],"curies":[{"name":"wp","href":"https:\/\/api.w.org\/{rel}","templated":true}]}}