{"id":2346,"date":"2023-01-24T12:17:12","date_gmt":"2023-01-24T11:17:12","guid":{"rendered":"https:\/\/www.hepic-hub.org\/?p=2346"},"modified":"2023-03-06T09:02:36","modified_gmt":"2023-03-06T08:02:36","slug":"huelha-de-rota-projectes-innovadors","status":"publish","type":"post","link":"https:\/\/www.hepic-hub.org\/oc\/2023\/01\/24\/huelha-de-rota-projectes-innovadors\/","title":{"rendered":"Huelha de rota: proj\u00e8ctes innovadors"},"content":{"rendered":"\n<p>Nosati mos mercam es n\u00f2sti objectius, ei clar que tu tanben ac h\u00e8s. Ent\u00e0 aguest mes, volem mantier ua huelha de rota clara.<\/p>\n\n\n\n<p>Enes z\u00f2nes ruraus ei notabla era migracion deth talent, sustot deth talent joen. Se constate qu\u2019era gent joena s\u2019estime m\u00e8s anar t\u00e0s granes ciutats perque se cre qu&rsquo;aquiu, com que i a m\u00e8s persones e un teishut empresariau m\u00e8s diversificat, i a m\u00e8s opcions de milhorar enes carr\u00e8res professionaus. Tanben se pense que i aur\u00e0 un major nombre d\u2019oportunitats.<\/p>\n\n\n\n<p>Per a\u00e7\u00f2 madeish, era n\u00f2sta intencion ei activar, retier e captar tot eth talent qu\u2019a eth capitau uman des n\u00f2sti territ\u00f2ris ruraus de montanha. P\u00f2t semblar ambici\u00f3s, m\u00e8s siguec, ei e ser\u00e0 \u00e7\u00f2 que m\u00e8rque eth trabalh.<\/p>\n\n\n\n<p><strong>COMA ART\u00c9NHER D\u2019ACTIVAR, RETIER E CAPTAR ETH TALENT?<\/strong><\/p>\n\n\n\n<p>I a diferentes man\u00e8res e, per descompdat, dar\u00e0n resultats diferenti. Tostemp cau \u00e8ster coneishedors deth cont\u00e8xte e sajar d\u2019actuar en foncion dera situacion de partida sense p\u00e8rder er objectiu. Per a\u00e7\u00f2, en H\u00e8Pic consideram que, ent\u00e0 artenh\u00e9&rsquo;c, cau compdar damb era experi\u00e9ncia professionau de casi qu\u2019an agut bon resultat, d\u2019empreses arra\u00eftzades en territ\u00f2ri e qu\u2019atr\u00e8n a trabalhadors, ja que son referents t\u00e0s s\u00f2ns respectius sectors, desvolopen proj\u00e8ctes innovadors e, ath del\u00e0, coneishen es r\u00e8ptes d\u2019empr\u00e9ner de prum\u00e8ra man.<\/p>\n\n\n\n<p>Alavetz, ent\u00e0 compdar damb tota aguesta informacion, s&rsquo;establic ua collaboracion damb era Associacion d\u2019Innovacion en Territ\u00f2ris de Montanha. En aguesta entitat sense inter\u00e8s lucratiu i son integrades empreses e persones empres\u00e0ries de z\u00f2nes ruraus de montanha. Son agents damb ua grana experi\u00e9ncia en sector e damb ua vision innovadora e tecnologica ent\u00e0 h\u00e8r front as r\u00e8ptes actuaus.<\/p>\n\n\n\n<p><strong>ERA ASSOCIACION D\u2019INNOVACION EN TERRIT\u00d2RIS DE MONTANHA<\/strong><\/p>\n\n\n\n<p>Era Associacion d\u2019Innovacion en Territ\u00f2ris de Montanha neishec ara fin deth 2021 e a era vocacion d\u2019amassar a empreses, persones emprenedores, estudiants, professorat, d\u2019autes associacions e administracions publiques ent\u00e0 generar un collectiu que q\u00fcestione e fomente era innovacion enes territ\u00f2ris ruraus de montanha. Per a\u00e7\u00f2, era sua collaboracion damb H\u00e8Pic ei ua relacion simbiotica: era Associacion ap\u00f2rte un <em>savoir-faire<\/em> e eth coneishement de besonh ent\u00e0 fomentar era emprenedoria. E, ath madeish temps, recep era oportunitat de h\u00e8r impacte en aqueres persones que v\u00f2len empr\u00e9ner, en tot dar-les instruments estructuradi en n\u00f2ste Centre d\u2019Innovacion Territoriau H\u00e8Pic.<\/p>\n\n\n\n<p>Per aguesta arrason, se v\u00f2s contactar damb era Associacion ent\u00e0 \u00e8ster membre, p\u00f2s contactar damb nosati o escr\u00eduer dir\u00e8ctaments ent\u00e0 <a href=\"mailto:infohepic@aran.org\">infohepic@aran.org<\/a>.<\/p>\n\n\n\n<p><strong>PERQU\u00c9 UA COLLABORACION?<\/strong><\/p>\n\n\n\n<p>Tot proj\u00e8cte que volgue aportar innovacion a d\u2019\u00e8ster innovador. Ath del\u00e0, era ambicion de H\u00e8Pic ei trauessar e aportar aguest asp\u00e8cte a toti es proj\u00e8ctes que se desvolopen enes territ\u00f2ris ruraus de montanha.<\/p>\n\n\n\n<p>D\u2019aguesta man\u00e8ra, cau compdar damb era experi\u00e9ncia e era vision dera administracion publica e des empreses, associacions e organizacions ent\u00e0 poder aportar naui asp\u00e8ctes e mesures que siguen transversaus. Per exemple, ua formacion sus era emprenedoria p\u00f2t \u00e8ster f\u00f2r\u00e7a ampla e generau. Per a\u00e7\u00f2, compdar damb eth recorrut de persones exp\u00e8rtes p\u00f2t focalizar aguestes formacions en q\u00fcestions que se consid\u00e8ren m\u00e8s importantes.<\/p>\n\n\n\n<p><strong>NAUETATS<\/strong><\/p>\n\n\n\n<p>Es membres dera Associacion d\u2019Innovacion en Territ\u00f2ris de Montanha son persones comprometudes damb es territ\u00f2ris ruraus de montanha. Totes eres trabalhen en mon rurau e artenhen d\u2019espandir-se t\u00e0 d\u2019auti l\u00f2cs e prov\u00edncies.<\/p>\n\n\n\n<p>Eth s\u00f2n grad de tecnologia e innovacion h\u00e8n d\u2019eres ues empreses referentes enes n\u00f2sti p\u00f2bles e enes s\u00f2ns sectors. Per aguest motiu, se les v\u00f2s con\u00e9isher, p\u00f2c a p\u00f2c desvelaram qui son e qu\u00e9 h\u00e8n. Atau donc, se ne v\u00f2s saber m\u00e8s, as d\u2019\u00e8ster atentiu e atau poir\u00e0s con\u00e9isher eth s\u00f2n trabalh.<\/p>\n","protected":false},"excerpt":{"rendered":"<p>Nosati mos mercam es n\u00f2sti objectius, ei clar que tu tanben ac h\u00e8s. Ent\u00e0 aguest mes, volem mantier ua huelha de rota clara. Enes z\u00f2nes ruraus ei notabla era migracion&#8230;<\/p>\n","protected":false},"author":6,"featured_media":2340,"comment_status":"closed","ping_status":"open","sticky":false,"template":"","format":"standard","meta":{"inline_featured_image":false,"footnotes":""},"categories":[82],"tags":[],"class_list":["post-2346","post","type-post","status-publish","format-standard","has-post-thumbnail","hentry","category-profesionaus"],"_links":{"self":[{"href":"https:\/\/www.hepic-hub.org\/oc\/wp-json\/wp\/v2\/posts\/2346","targetHints":{"allow":["GET"]}}],"collection":[{"href":"https:\/\/www.hepic-hub.org\/oc\/wp-json\/wp\/v2\/posts"}],"about":[{"href":"https:\/\/www.hepic-hub.org\/oc\/wp-json\/wp\/v2\/types\/post"}],"author":[{"embeddable":true,"href":"https:\/\/www.hepic-hub.org\/oc\/wp-json\/wp\/v2\/users\/6"}],"replies":[{"embeddable":true,"href":"https:\/\/www.hepic-hub.org\/oc\/wp-json\/wp\/v2\/comments?post=2346"}],"version-history":[{"count":2,"href":"https:\/\/www.hepic-hub.org\/oc\/wp-json\/wp\/v2\/posts\/2346\/revisions"}],"predecessor-version":[{"id":2459,"href":"https:\/\/www.hepic-hub.org\/oc\/wp-json\/wp\/v2\/posts\/2346\/revisions\/2459"}],"wp:featuredmedia":[{"embeddable":true,"href":"https:\/\/www.hepic-hub.org\/oc\/wp-json\/wp\/v2\/media\/2340"}],"wp:attachment":[{"href":"https:\/\/www.hepic-hub.org\/oc\/wp-json\/wp\/v2\/media?parent=2346"}],"wp:term":[{"taxonomy":"category","embeddable":true,"href":"https:\/\/www.hepic-hub.org\/oc\/wp-json\/wp\/v2\/categories?post=2346"},{"taxonomy":"post_tag","embeddable":true,"href":"https:\/\/www.hepic-hub.org\/oc\/wp-json\/wp\/v2\/tags?post=2346"}],"curies":[{"name":"wp","href":"https:\/\/api.w.org\/{rel}","templated":true}]}}