{"id":2173,"date":"2022-11-23T11:44:45","date_gmt":"2022-11-23T10:44:45","guid":{"rendered":"https:\/\/www.hepic-hub.org\/?p=2173"},"modified":"2023-03-06T09:03:05","modified_gmt":"2023-03-06T08:03:05","slug":"esqui-nheu-e-trabalh-eth-coworking-dera-val-daran","status":"publish","type":"post","link":"https:\/\/www.hepic-hub.org\/oc\/2022\/11\/23\/esqui-nheu-e-trabalh-eth-coworking-dera-val-daran\/","title":{"rendered":"Esqu\u00ed, nh\u00e8u e trabalh: eth coworking dera Val d\u2019Aran"},"content":{"rendered":"\n<p>Eth heired qu\u2019arribe. Ei \u00e7\u00f2 que se ditz enes carr\u00e8rs des p\u00f2bles aranesi, en mercat e enes com\u00e8rci. Ja se n\u00f2te que comence era sason iuernau. Es flors des balcons s&rsquo;an sauvat en l\u00f2cs m\u00e8s caudi, es guants e es bufandes son era milhor companhia. Com en toti es entorns ruraus de montanha, era gent comence a \u00e8ster nerviosa e impacienta. Cau dar-se pr\u00e8ssa ent\u00e0 preparar-se entar iu\u00e8rn e, tanben, entara nh\u00e8u.<\/p>\n\n\n\n<p>S&rsquo;an\u00f3ncien precipitacions blanques entara dimenjada. Es c\u00f2tes de nh\u00e8u baishen e a\u00e7\u00f2 v\u00f2 d\u00edder qu&rsquo;es esp\u00f2rts d&rsquo;iu\u00e8rn comencen. D&rsquo;entre toti, er esqu\u00ed ei eth majoritari. Es pistes d&rsquo;esqu\u00ed daurir\u00e0n es sues p\u00f2rtes. E aquer\u00f2 qu\u00e9 v\u00f2 d\u00edder? Qu&rsquo;es n\u00f2sti p\u00f2bles pirenencs s&rsquo;aumplir\u00e0n. Vier\u00e0 gent de d&rsquo;auti l\u00f2cs ent\u00e0 gaudir dera auf\u00e8rta de servicis qu\u2019ei restacada damb es esp\u00f2rts de nh\u00e8u.<\/p>\n\n\n\n<p><strong>TRABALHAR E GAUDIR DERA NH\u00c8U?<\/strong><\/p>\n\n\n\n<p>F\u00f2r\u00e7a des persones que, en aguest cas, vien a gaudir der esqu\u00ed en Baqu\u00e8ira-Beret seguissen damb eth s\u00f2n trabalh. Ua part, an era possibilitat de teletrabalhar. Se p\u00f2den connectar damb es s\u00f2ns ordenadors e non deishar de trabalhar. Coneishent aguesta circonst\u00e0ncia, en H\u00e8Pic vos volem ajudar. Coma Centre d&rsquo;Innovacion Territoriau metem ara v\u00f2sta disposicion un espaci de <em>coworking<\/em> a on poiratz trabalhar a plaser.<\/p>\n\n\n\n<p>Pla\u00e7at en Vielha, en aguest espaci s\u2019i p\u00f2t arribar facilaments en transp\u00f2rt public, en coche de linha de Vaqu\u00e8ira t\u00e0 Les. Tanben s\u2019i p\u00f2t arribar en coche e, en arturar-se en Vielha, non cau seguir es ve\u00efculs que van tara estacion d&rsquo;esqu\u00ed.<\/p>\n\n\n\n<p>Ath del\u00e0, en tot vier a esquiar t\u00e0 Vaqu\u00e8ira o a Superbagn\u00e8res trabalhant en coworking de H\u00e8Pic, poir\u00e0s con\u00e9isher a persones professionaus damb bagatges f\u00f2r\u00e7a diu\u00e8rsi. A\u00e7\u00f2 ei ua grana h\u00f2nt d&rsquo;innovacion. Eth h\u00e8t de compartir temps e espaci afavor\u00eds poder auer conv\u00e8rses damb d&rsquo;autes persones. E, ath viatge, aguest escambi ajude a con\u00e9isher naui punts de vista e auer naues idees t\u00e0 empr\u00e9ner naui proj\u00e8ctes.<\/p>\n\n\n\n<p><strong>QUINES VERTUTS A ERA SASON IUERNAU?<\/strong><\/p>\n\n\n\n<p>En prum\u00e8r l\u00f2c, es persones que, en aguest cas, vien a gaudir der esqu\u00ed en Baqueira-Beret e Superbagn\u00e8res an trabalhs diferenti. Dera consultoria enquiath sector sanitari. Son professionaus damb un bagatge pr\u00f2pri e diferent. Per aquer\u00f2, coma did\u00edem, cree innovacion.<\/p>\n\n\n\n<p>De un aute costat, vier tara Val d\u2019Aran, encara que sigue a esquiar, te facilitar\u00e0 era possibilitat de con\u00e9isher eth teishut empresariau innovador dera Val. Enes n\u00f2sti municipis i a empreses digitalizadores, empreses partid\u00e0ries deth desvolopament sostenible e era responsabilitat sociau, empreses qu&rsquo;utilizen instruments tecnologics capdavant\u00e8rs ent\u00e0 desvolopar es s\u00f2ns pr\u00e8tzh\u00e8ts e com\u00e8rci damb un <em>savoir-faire<\/em> infinit.<\/p>\n\n\n\n<p>Poir\u00e0s vier a gaudir dera nh\u00e8u e, ath del\u00e0, poir\u00e0s con\u00e9isher es empreses e agents deth territ\u00f2ri.<\/p>\n\n\n\n<p><strong>PERQU\u00c9 VIER TATH <em>COWORKING<\/em>?<\/strong><\/p>\n\n\n\n<p>En aguesti espacis compartidi, ath del\u00e0 de trabalhar damb ues autes persones, h\u00e8m activitats amassa. Non tot ei trabalhar, tanben imp\u00f2rte eth l\u00e9ser. En espaci de H\u00e8Pic, h\u00e8m gessudes e excursions. Mos agrade gaudir dera natura e dera beresa des p\u00f2bles aranesi e francesi.<\/p>\n\n\n\n<p>I a persones de diu\u00e8rsi endrets: de Madrid, Barcelona, Castelha, Fran\u00e7a\u2026 A\u00e7\u00f2 permet con\u00e9isher naues rec\u00e8ptes de codina que compartim. Tanben escambiam es n\u00f2sti gosti de cin\u00e8ma, de musica e de lectura. Se vies a trabalhar, te poir\u00e0s emportar ua infinitat de recomanacions ent\u00e0 passar es dies m\u00e8s heireds der iu\u00e8rn.<\/p>\n\n\n\n<p>Aguestes activitats de <em>networking<\/em> van m\u00e8s enl\u00e0. Poir\u00e0s vier damb toti e totes es <em>coworkers<\/em> de H\u00e8Pic a pr\u00e9ner un caf\u00e8 e con\u00e9isher tota era auf\u00e8rta gastronomica aranesa.<\/p>\n\n\n\n<p>Per aguesti motius, s\u2019as intencion de vier a passar uns dies d&rsquo;esqu\u00ed e as de besonh un espaci ent\u00e0 trabalhar, mos p\u00f2s contactar ent\u00e0 con\u00e9isher eth <em>coworking<\/em>. Non dobtes a meter-te en contacte damb nosati e sajaram de res\u00f2lver toti es t\u00f2ns dobtes.<\/p>\n","protected":false},"excerpt":{"rendered":"<p>Eth heired qu\u2019arribe. Ei \u00e7\u00f2 que se ditz enes carr\u00e8rs des p\u00f2bles aranesi, en mercat e enes com\u00e8rci. Ja se n\u00f2te que comence era sason iuernau. Es flors des balcons&#8230;<\/p>\n","protected":false},"author":6,"featured_media":2168,"comment_status":"closed","ping_status":"open","sticky":false,"template":"","format":"standard","meta":{"inline_featured_image":false,"footnotes":""},"categories":[73],"tags":[],"class_list":["post-2173","post","type-post","status-publish","format-standard","has-post-thumbnail","hentry","category-servicis"],"_links":{"self":[{"href":"https:\/\/www.hepic-hub.org\/oc\/wp-json\/wp\/v2\/posts\/2173","targetHints":{"allow":["GET"]}}],"collection":[{"href":"https:\/\/www.hepic-hub.org\/oc\/wp-json\/wp\/v2\/posts"}],"about":[{"href":"https:\/\/www.hepic-hub.org\/oc\/wp-json\/wp\/v2\/types\/post"}],"author":[{"embeddable":true,"href":"https:\/\/www.hepic-hub.org\/oc\/wp-json\/wp\/v2\/users\/6"}],"replies":[{"embeddable":true,"href":"https:\/\/www.hepic-hub.org\/oc\/wp-json\/wp\/v2\/comments?post=2173"}],"version-history":[{"count":2,"href":"https:\/\/www.hepic-hub.org\/oc\/wp-json\/wp\/v2\/posts\/2173\/revisions"}],"predecessor-version":[{"id":2461,"href":"https:\/\/www.hepic-hub.org\/oc\/wp-json\/wp\/v2\/posts\/2173\/revisions\/2461"}],"wp:featuredmedia":[{"embeddable":true,"href":"https:\/\/www.hepic-hub.org\/oc\/wp-json\/wp\/v2\/media\/2168"}],"wp:attachment":[{"href":"https:\/\/www.hepic-hub.org\/oc\/wp-json\/wp\/v2\/media?parent=2173"}],"wp:term":[{"taxonomy":"category","embeddable":true,"href":"https:\/\/www.hepic-hub.org\/oc\/wp-json\/wp\/v2\/categories?post=2173"},{"taxonomy":"post_tag","embeddable":true,"href":"https:\/\/www.hepic-hub.org\/oc\/wp-json\/wp\/v2\/tags?post=2173"}],"curies":[{"name":"wp","href":"https:\/\/api.w.org\/{rel}","templated":true}]}}