{"id":1958,"date":"2022-07-21T08:22:52","date_gmt":"2022-07-21T06:22:52","guid":{"rendered":"https:\/\/www.hepic-hub.org\/?p=1958"},"modified":"2022-07-21T08:22:55","modified_gmt":"2022-07-21T06:22:55","slug":"conveni-de-collaboracion-tath-desvolopament-deth-projecte-dinnovacion-territoriau","status":"publish","type":"post","link":"https:\/\/www.hepic-hub.org\/oc\/2022\/07\/21\/conveni-de-collaboracion-tath-desvolopament-deth-projecte-dinnovacion-territoriau\/","title":{"rendered":"Conv\u00e8ni de collaboracion tath desvolopament deth Proj\u00e8cte d\u2019Innovacion Territoriau"},"content":{"rendered":"\n<p>Eth passat diuendres 15 de junhs\u00e8ga, eth secretari generau peth R\u00e8pte Demografic, Franc\u00e9s Boya, era Sindica d\u2019Aran, Maria Verg\u00e9s, eth president dera Deputacion de Lh\u00e8ida, Joan Talarn, e eth president dera Deputacion de U\u00e8sca Miguel Gracia, formaliz\u00e8ren era signatura deth conv\u00e8ni tath desvolopament deth Proj\u00e8cte d\u2019Innovacion Territoriau e eth Desvolopament de Cellules d\u2019Innovacion Rurau.<\/p>\n\n\n\n<p>En aguest acte i particip\u00e8c Guilh\u00e8m Piris Casasnovas, coordinador d\u2019H\u00e8Pic, ent\u00e0 explicar eth foncionament pr\u00f2pi e tanben dar a con\u00e9isher a toti es assistents eth desvolopament qu&rsquo;a auut H\u00e8Pic.<\/p>\n\n\n\n<p>Mejan\u00e7ant aguest conv\u00e8ni se preten replicar eth CIT d\u2019Innovacion installat en Aran gr\u00e0cies ara ampliacion, consolidacion e creacion de tres Cellules d&rsquo;Innovacion Rurau: era Cellula d&rsquo;Innovacion Rurau Piren\u00e8u-Aran (que comprener\u00e0 territ\u00f2ris pirenencs de U\u00e8sca e Lh\u00e8ida, atau com era Val d&rsquo;Aran), era Cellula d&rsquo;Innovacion Rurau T\u00e8rres de Lh\u00e8ida e era dera prov\u00edncia de U\u00e8sca, en tot replicar eth mod\u00e8l iniciat damb eth Hub d&rsquo;innovacion H\u00e8Pic en Aran. Eth marc de cooperacion propiciat peth conv\u00e8ni afavorir\u00e0 es sinergies entre es tres cellules desvolopades.<\/p>\n\n\n\n<p>Aguest acte re\u00eft\u00e8re eth comprom\u00eds de diferentes administracions pes persones emprenedores locaus e era innovacion en mon rurau. D\u2019aguesta man\u00e8ra, eth mod\u00e8l de H\u00e8Pic s\u2019estener\u00e0 per diu\u00e8rsi l\u00f2cs ent\u00e0 poder contunhar trabalhant en hilat. Se v\u00f2s saber-ne m\u00e8s, v\u00f2s portar a t\u00e8rme o finan\u00e7ar un proj\u00e8cte, non dobtes en contactar damb nosati a trau\u00e8s deth mail infohepic@aran.org o consultant eth n\u00f2ste Twitter <a href=\"https:\/\/twitter.com\/HePic_HUB\" data-type=\"URL\" data-id=\"https:\/\/twitter.com\/HePic_HUB\">@HePic_HUB<\/a>.<\/p>\n","protected":false},"excerpt":{"rendered":"<p>Eth passat diuendres 15 de junhs\u00e8ga, eth secretari generau peth R\u00e8pte Demografic, Franc\u00e9s Boya, era Sindica d\u2019Aran, Maria Verg\u00e9s, eth president dera Deputacion de Lh\u00e8ida, Joan Talarn, e eth president&#8230;<\/p>\n","protected":false},"author":6,"featured_media":1953,"comment_status":"closed","ping_status":"open","sticky":false,"template":"","format":"standard","meta":{"inline_featured_image":false,"footnotes":""},"categories":[85],"tags":[],"class_list":["post-1958","post","type-post","status-publish","format-standard","has-post-thumbnail","hentry","category-projectes-oc"],"_links":{"self":[{"href":"https:\/\/www.hepic-hub.org\/oc\/wp-json\/wp\/v2\/posts\/1958","targetHints":{"allow":["GET"]}}],"collection":[{"href":"https:\/\/www.hepic-hub.org\/oc\/wp-json\/wp\/v2\/posts"}],"about":[{"href":"https:\/\/www.hepic-hub.org\/oc\/wp-json\/wp\/v2\/types\/post"}],"author":[{"embeddable":true,"href":"https:\/\/www.hepic-hub.org\/oc\/wp-json\/wp\/v2\/users\/6"}],"replies":[{"embeddable":true,"href":"https:\/\/www.hepic-hub.org\/oc\/wp-json\/wp\/v2\/comments?post=1958"}],"version-history":[{"count":1,"href":"https:\/\/www.hepic-hub.org\/oc\/wp-json\/wp\/v2\/posts\/1958\/revisions"}],"predecessor-version":[{"id":1959,"href":"https:\/\/www.hepic-hub.org\/oc\/wp-json\/wp\/v2\/posts\/1958\/revisions\/1959"}],"wp:featuredmedia":[{"embeddable":true,"href":"https:\/\/www.hepic-hub.org\/oc\/wp-json\/wp\/v2\/media\/1953"}],"wp:attachment":[{"href":"https:\/\/www.hepic-hub.org\/oc\/wp-json\/wp\/v2\/media?parent=1958"}],"wp:term":[{"taxonomy":"category","embeddable":true,"href":"https:\/\/www.hepic-hub.org\/oc\/wp-json\/wp\/v2\/categories?post=1958"},{"taxonomy":"post_tag","embeddable":true,"href":"https:\/\/www.hepic-hub.org\/oc\/wp-json\/wp\/v2\/tags?post=1958"}],"curies":[{"name":"wp","href":"https:\/\/api.w.org\/{rel}","templated":true}]}}