{"id":1883,"date":"2022-05-27T15:26:41","date_gmt":"2022-05-27T13:26:41","guid":{"rendered":"https:\/\/www.hepic-hub.org\/?p=1883"},"modified":"2022-06-13T12:53:55","modified_gmt":"2022-06-13T10:53:55","slug":"er-espaci-coworking-ja-ei-aci","status":"publish","type":"post","link":"https:\/\/www.hepic-hub.org\/oc\/2022\/05\/27\/er-espaci-coworking-ja-ei-aci\/","title":{"rendered":"<strong>Er espaci coworking ja ei ac\u00ed!<\/strong>&nbsp;"},"content":{"rendered":"\n<p>Eth deluns 30 de mai se daurir\u00e0 eth coworking de H\u00e8Pic. Aguest servici s&rsquo;aufr\u00eds ad aqueres empreses e persones innovadores que volguen desvolopar es s\u00f2ns proj\u00e8ctes des dera Val d\u2019Aran.&nbsp;&nbsp;<\/p>\n\n\n\n<p>H\u00e8Pic ei un proj\u00e8cte deth Conselh Generau d\u2019Aran que fomente era innovacion en territ\u00f2ri coma responsa sostenibla deuant es besonhs d&rsquo;un territ\u00f2ri rurau e de montanha. Entre es servicis d&rsquo;assessoria e eth desvolopament de proj\u00e8ctes tant publics coma privats, er espaci de coworking se concep coma un entorn ent\u00e0 crear trabalh en hilat. Es usatg\u00e8rs poir\u00e0n profitar er escambi d&rsquo;idees entre professionaus que s&rsquo;installen en aguest tipe de l\u00f2cs.&nbsp;&nbsp;<\/p>\n\n\n\n<p>Eth coworking compde damb ua sala compartida, dues sales de re\u00fcnions, sala de formacion e eveniments, e tanben un bur\u00e8u ent\u00e0 auer amassades privades. Aguest entorn propici entath desvolopament de naui proj\u00e8ctes estimule era flexibilitat, eth dinamisme e era innovacion coma motors de creativitat e collaboracion.&nbsp;&nbsp;<\/p>\n\n\n\n<p>Es persones que i siguen interessadi mos p\u00f2den contactar a trau\u00e8s deth corr\u00e8u electronic infohepic@aran.org e\/o a trau\u00e8s deth num\u00e8ro de telef\u00f2n 667 67 02 71. Vos demoram!&nbsp;<\/p>\n","protected":false},"excerpt":{"rendered":"<p>Eth deluns 30 de mai se daurir\u00e0 eth coworking de H\u00e8Pic. Aguest servici s&rsquo;aufr\u00eds ad aqueres empreses e persones innovadores que volguen desvolopar es s\u00f2ns proj\u00e8ctes des dera Val d\u2019Aran.&nbsp;&nbsp;&#8230;<\/p>\n","protected":false},"author":6,"featured_media":1877,"comment_status":"closed","ping_status":"open","sticky":false,"template":"","format":"standard","meta":{"inline_featured_image":false,"footnotes":""},"categories":[73],"tags":[],"class_list":["post-1883","post","type-post","status-publish","format-standard","has-post-thumbnail","hentry","category-servicis"],"_links":{"self":[{"href":"https:\/\/www.hepic-hub.org\/oc\/wp-json\/wp\/v2\/posts\/1883","targetHints":{"allow":["GET"]}}],"collection":[{"href":"https:\/\/www.hepic-hub.org\/oc\/wp-json\/wp\/v2\/posts"}],"about":[{"href":"https:\/\/www.hepic-hub.org\/oc\/wp-json\/wp\/v2\/types\/post"}],"author":[{"embeddable":true,"href":"https:\/\/www.hepic-hub.org\/oc\/wp-json\/wp\/v2\/users\/6"}],"replies":[{"embeddable":true,"href":"https:\/\/www.hepic-hub.org\/oc\/wp-json\/wp\/v2\/comments?post=1883"}],"version-history":[{"count":4,"href":"https:\/\/www.hepic-hub.org\/oc\/wp-json\/wp\/v2\/posts\/1883\/revisions"}],"predecessor-version":[{"id":1935,"href":"https:\/\/www.hepic-hub.org\/oc\/wp-json\/wp\/v2\/posts\/1883\/revisions\/1935"}],"wp:featuredmedia":[{"embeddable":true,"href":"https:\/\/www.hepic-hub.org\/oc\/wp-json\/wp\/v2\/media\/1877"}],"wp:attachment":[{"href":"https:\/\/www.hepic-hub.org\/oc\/wp-json\/wp\/v2\/media?parent=1883"}],"wp:term":[{"taxonomy":"category","embeddable":true,"href":"https:\/\/www.hepic-hub.org\/oc\/wp-json\/wp\/v2\/categories?post=1883"},{"taxonomy":"post_tag","embeddable":true,"href":"https:\/\/www.hepic-hub.org\/oc\/wp-json\/wp\/v2\/tags?post=1883"}],"curies":[{"name":"wp","href":"https:\/\/api.w.org\/{rel}","templated":true}]}}