{"id":1442,"date":"2021-08-18T06:44:42","date_gmt":"2021-08-18T06:44:42","guid":{"rendered":"https:\/\/www.hepic-hub.org\/2021\/08\/18\/bootcamp-val-daran\/"},"modified":"2021-08-31T06:35:47","modified_gmt":"2021-08-31T06:35:47","slug":"bootcamp-val-daran","status":"publish","type":"post","link":"https:\/\/www.hepic-hub.org\/oc\/2021\/08\/18\/bootcamp-val-daran\/","title":{"rendered":"Re\/Des Conecta Val d&rsquo;Aran"},"content":{"rendered":"\n<p><strong>V\u00f2s saber per qu\u00e9 qu&rsquo;era Val d&rsquo;Aran ei eth melhor l\u00f2c ent\u00e0 empr\u00e9ner en territ\u00f2ris ruraus e de montanha?<\/strong><\/p>\n\n<p>Apunta-te ath Bootcamp Val d&rsquo;Aran, organizat per H\u00e8Pic e eth Conselh Generau d&rsquo;Aran, e poder\u00e0s descorbir es qualitats qu&rsquo;aufrissen es entorns de montanha e ruraus ent\u00e0 desvolopar proj\u00e8ctes de neg\u00f2ci e desconectar des ambients urbans.<\/p>\n\n<p>Es jornades s&rsquo;organizen ath torn de 3 premisses principaus: <strong>trabalhar, descorbir e co-desvolopar<\/strong>. D&rsquo;aguesta man\u00e8ra, cada dia se disposar\u00e0 de temps e d&rsquo;un espaci de co-working ent\u00e0 trabalhar c\u00f3modamente.<\/p>\n\n<p>Ath del\u00e0, aufriram sessions de co-desvolopament moderat per ua coach personau especializada ent\u00e0 reflexionar sus eth t\u00f2n neg\u00f2ci, visites a centres de desvolopament e foment deth emprendimiento, atau coma charrades e entrevistes damb agents territoriaus e empresaris locaus qu&rsquo;an artenhut desvolopar es sues iniciatiues de neg\u00f2ci ena Val d&rsquo;Aran, ath madeish temps que visitam eth territ\u00f2ri e gaudim dera sua gastronomia.<\/p>\n\n<p><strong>Es places son limitades a 10 participantes<\/strong><\/p>\n\n<p>Junh-te ja ath bootcamp!<\/p>\n\n<p><a href=\"https:\/\/docs.google.com\/forms\/d\/1KM4tvY930NtUcf_UrApxX-fA-AJYP7tywbiCTtWqF2U\/edit\">Inscriu-te aciu<\/a><\/p>\n","protected":false},"excerpt":{"rendered":"<p>V\u00f2s saber per qu\u00e9 qu&rsquo;era Val d&rsquo;Aran ei eth melhor l\u00f2c ent\u00e0 empr\u00e9ner en territ\u00f2ris ruraus e de montanha? Apunta-te ath Bootcamp Val d&rsquo;Aran, organizat per H\u00e8Pic e eth Conselh&#8230;<\/p>\n","protected":false},"author":4,"featured_media":1456,"comment_status":"closed","ping_status":"open","sticky":false,"template":"","format":"standard","meta":{"inline_featured_image":false,"footnotes":""},"categories":[85],"tags":[],"class_list":["post-1442","post","type-post","status-publish","format-standard","has-post-thumbnail","hentry","category-projectes-oc"],"_links":{"self":[{"href":"https:\/\/www.hepic-hub.org\/oc\/wp-json\/wp\/v2\/posts\/1442","targetHints":{"allow":["GET"]}}],"collection":[{"href":"https:\/\/www.hepic-hub.org\/oc\/wp-json\/wp\/v2\/posts"}],"about":[{"href":"https:\/\/www.hepic-hub.org\/oc\/wp-json\/wp\/v2\/types\/post"}],"author":[{"embeddable":true,"href":"https:\/\/www.hepic-hub.org\/oc\/wp-json\/wp\/v2\/users\/4"}],"replies":[{"embeddable":true,"href":"https:\/\/www.hepic-hub.org\/oc\/wp-json\/wp\/v2\/comments?post=1442"}],"version-history":[{"count":2,"href":"https:\/\/www.hepic-hub.org\/oc\/wp-json\/wp\/v2\/posts\/1442\/revisions"}],"predecessor-version":[{"id":1459,"href":"https:\/\/www.hepic-hub.org\/oc\/wp-json\/wp\/v2\/posts\/1442\/revisions\/1459"}],"wp:featuredmedia":[{"embeddable":true,"href":"https:\/\/www.hepic-hub.org\/oc\/wp-json\/wp\/v2\/media\/1456"}],"wp:attachment":[{"href":"https:\/\/www.hepic-hub.org\/oc\/wp-json\/wp\/v2\/media?parent=1442"}],"wp:term":[{"taxonomy":"category","embeddable":true,"href":"https:\/\/www.hepic-hub.org\/oc\/wp-json\/wp\/v2\/categories?post=1442"},{"taxonomy":"post_tag","embeddable":true,"href":"https:\/\/www.hepic-hub.org\/oc\/wp-json\/wp\/v2\/tags?post=1442"}],"curies":[{"name":"wp","href":"https:\/\/api.w.org\/{rel}","templated":true}]}}