{"id":6154,"date":"2026-02-06T15:13:26","date_gmt":"2026-02-06T14:13:26","guid":{"rendered":"https:\/\/www.hepic-hub.org\/?p=6154"},"modified":"2026-02-06T15:13:29","modified_gmt":"2026-02-06T14:13:29","slug":"el-coworking-de-hepic-es-consolida-com-a-referent-al-territori","status":"publish","type":"post","link":"https:\/\/www.hepic-hub.org\/ca\/2026\/02\/06\/el-coworking-de-hepic-es-consolida-com-a-referent-al-territori\/","title":{"rendered":"El coworking de H\u00e8PIC es consolida com a referent al territori"},"content":{"rendered":"\n<ul class=\"wp-block-list\">\n<li><strong>L\u2019espai de treball compartit ha omplert les places fixes durant tot el 2025.<\/strong><\/li>\n<\/ul>\n\n\n\n<p><strong>El coworking de H\u00e8PIC, <\/strong>el centre d&#8217;innovaci\u00f3 territorial del Conselh Generau d\u2019Aran (CIT Aran), \u00e9s l\u2019espai on tots aquells professionals que volen emprendre o teletreballar poden disposar d\u2019un espai al centre de Vielha, <strong>tant si s\u00f3n persones residents a l\u2019Aran com visitants.<\/strong><\/p>\n\n\n\n<p>Aquest <strong>servei p\u00fablic i gratu\u00eft<\/strong> compta amb <strong>dos formats<\/strong> d\u2019acc\u00e9s: <strong>temporal, <\/strong>per a les persones que necessiten treballar en remot durant <strong>menys de 15 dies,<\/strong> <strong>i fix,<\/strong> per a aquells professionals <strong>residents a l\u2019Aran <\/strong>que <strong>emprenen o teletreballen <\/strong>per a una empresa i no disposen d\u2019oficina pr\u00f2pia. Per a aquest darrer format, es disposa de <strong>10 places<\/strong> que s\u2019han cobert al llarg de tot el 2025.<\/p>\n\n\n\n<p>A m\u00e9s, enguany hi han accedit <strong>43 persones<\/strong> durant per\u00edodes de curta durada, sobretot en temporades de major aflu\u00e8ncia tur\u00edstica: Nadal, Setmana Santa i estiu, fet que els ha <strong>perm\u00e8s allargar els dies de visita a l\u2019Aran.<\/strong><\/p>\n\n\n\n<p>L\u2019acc\u00e9s a aquestes instal\u00b7lacions funciona amb un <strong>control digital,<\/strong> cosa que permet adaptar-se als diferents horaris de les persones usu\u00e0ries, amb <strong>acc\u00e9s les 24 hores dels 7 dies de la setmana.<\/strong> La capacitat de l\u2019espai \u00e9s de 16 llocs de treball amb escriptoris compartits; s\u2019ofereix <strong>connexi\u00f3 a internet, una impressora, 3 sales per fer reunions, 1 bany i 1 <em>office<\/em> amb nevera, microones i cafetera.<\/strong><\/p>\n\n\n\n<p>Segons les dades recollides enguany, el 80% de les persones amb pla\u00e7a fixa i el 53,12% de les sol\u00b7licituds d\u2019acc\u00e9s temporal s\u00f3n dones, fet que indica que <strong>l\u2019aflu\u00e8ncia del coworking \u00e9s principalment femenina.<\/strong><\/p>\n\n\n\n<p>En relaci\u00f3 amb l\u2019origen, el 82% dels usuaris i usu\u00e0ries de curta estada <strong>provenen de la prov\u00edncia de Barcelona,<\/strong> i pel que fa a les persones amb pla\u00e7a fixa, tot i que el 90% han nascut fora (principalment tamb\u00e9 a Barcelona), el <strong>70% actualment estan empadronades a la Val d\u2019Aran.<\/strong><\/p>\n\n\n\n<p>Seguint les paraules del conseller d\u2019Innovaci\u00f3, Oriol Sala: <em>\u201cels resultats dels percentatges d\u2019enguany demostren la necessitat d\u2019aquest servei p\u00fablic com a <strong>eina per atreure i retenir talent a l\u2019Aran\u201d.<\/strong><\/em> I afegeix: <em>\u201cTamb\u00e9 destaquem la import\u00e0ncia de facilitar instal\u00b7lacions on propiciar sinergies professionals que poden <strong>donar lloc a la creaci\u00f3 de nous projectes d\u2019emprenedoria\u201d.<\/strong><\/em><\/p>\n\n\n\n<p>Una altra fita important \u00e9s la possibilitat d\u2019oferir un espai a professionals de sectors molt diversos que <strong>facilita la conciliaci\u00f3 familiar, aix\u00ed com la pr\u00e0ctica d\u2019esports de muntanya combinada amb la feina,<\/strong> amb la finalitat de potenciar l\u2019arribada de nous professionals al territori.<\/p>\n\n\n\n<p>Finalment, per saber-ne m\u00e9s sobre el coworking o tramitar una sol\u00b7licitud, ens podeu <strong>contactar<\/strong> a trav\u00e9s del correu electr\u00f2nic:\u00a0<a href=\"mailto:infohepic@aran.org\"><strong>infohepic@aran.org<\/strong><\/a>.<\/p>\n\n\n\n<p><em>Vielha, 6 de febrer de 2026<\/em><\/p>\n","protected":false},"excerpt":{"rendered":"<p>El coworking de H\u00e8PIC, el centre d&#8217;innovaci\u00f3 territorial del Conselh Generau d\u2019Aran (CIT Aran), \u00e9s l\u2019espai on tots aquells professionals que volen emprendre o teletreballar poden disposar d\u2019un espai al&#8230;<\/p>\n","protected":false},"author":4,"featured_media":6150,"comment_status":"closed","ping_status":"open","sticky":false,"template":"","format":"standard","meta":{"inline_featured_image":false,"footnotes":""},"categories":[75,78,81,72],"tags":[],"class_list":["post-6154","post","type-post","status-publish","format-standard","has-post-thumbnail","hentry","category-emprendre","category-innovacio","category-profesionals","category-serveis"],"_links":{"self":[{"href":"https:\/\/www.hepic-hub.org\/ca\/wp-json\/wp\/v2\/posts\/6154","targetHints":{"allow":["GET"]}}],"collection":[{"href":"https:\/\/www.hepic-hub.org\/ca\/wp-json\/wp\/v2\/posts"}],"about":[{"href":"https:\/\/www.hepic-hub.org\/ca\/wp-json\/wp\/v2\/types\/post"}],"author":[{"embeddable":true,"href":"https:\/\/www.hepic-hub.org\/ca\/wp-json\/wp\/v2\/users\/4"}],"replies":[{"embeddable":true,"href":"https:\/\/www.hepic-hub.org\/ca\/wp-json\/wp\/v2\/comments?post=6154"}],"version-history":[{"count":1,"href":"https:\/\/www.hepic-hub.org\/ca\/wp-json\/wp\/v2\/posts\/6154\/revisions"}],"predecessor-version":[{"id":6155,"href":"https:\/\/www.hepic-hub.org\/ca\/wp-json\/wp\/v2\/posts\/6154\/revisions\/6155"}],"wp:featuredmedia":[{"embeddable":true,"href":"https:\/\/www.hepic-hub.org\/ca\/wp-json\/wp\/v2\/media\/6150"}],"wp:attachment":[{"href":"https:\/\/www.hepic-hub.org\/ca\/wp-json\/wp\/v2\/media?parent=6154"}],"wp:term":[{"taxonomy":"category","embeddable":true,"href":"https:\/\/www.hepic-hub.org\/ca\/wp-json\/wp\/v2\/categories?post=6154"},{"taxonomy":"post_tag","embeddable":true,"href":"https:\/\/www.hepic-hub.org\/ca\/wp-json\/wp\/v2\/tags?post=6154"}],"curies":[{"name":"wp","href":"https:\/\/api.w.org\/{rel}","templated":true}]}}