{"id":6122,"date":"2025-11-04T13:43:40","date_gmt":"2025-11-04T12:43:40","guid":{"rendered":"https:\/\/www.hepic-hub.org\/?p=6122"},"modified":"2025-11-06T08:23:40","modified_gmt":"2025-11-06T07:23:40","slug":"llancament-del-pilot-pioner-de-transport-de-carrega-amb-drons-a-zones-dacces-dificil","status":"publish","type":"post","link":"https:\/\/www.hepic-hub.org\/ca\/2025\/11\/04\/llancament-del-pilot-pioner-de-transport-de-carrega-amb-drons-a-zones-dacces-dificil\/","title":{"rendered":"Llan\u00e7ament del pilot pioner de transport de c\u00e0rrega amb drons a zones d\u2019acc\u00e9s dif\u00edcil"},"content":{"rendered":"\n<ul class=\"wp-block-list\">\n<li><strong>L&#8217;empresa aranesa Pirineos Drone Aviation, amb el suport del Consell General, el IDAPA i dins de l&#8217;estrat\u00e8gia de les \u00c0rees Digitals de la Generalitat, comen\u00e7ar\u00e0 per fer vols amb drons de c\u00e0rrega pesada d\u2019entre 25 i 300 kg per oferir solucions de log\u00edstica.<\/strong><\/li>\n<\/ul>\n\n\n\n<p>Aquesta setmana, a la seu del Govern d\u2019Aran, comen\u00e7ava la segona fase del projecte ARCHYTAS, que vol <strong>millorar la log\u00edstica a les zones de muntanya amb drons de c\u00e0rrega,<\/strong> concretament, per la distribuci\u00f3 de mercaderies en localitzacions de muntanya remotes i donar serveis a sectors com: <em><strong>la ramaderia, els refugis de muntanya i el manteniment de les xarxes de telecomunicacions, entre altres.<\/strong><\/em><\/p>\n\n\n\n<p>Aquesta iniciativa pionera ha estat impulsada pel centre d\u2019innovaci\u00f3 territorial del Conselh General d&#8217;Aran, <strong>H\u00e8Pic<\/strong>, que \u00e9s el l\u00edder de l&#8217;\u00c0rea Digital Aran, i que forma part de <strong>l&#8217;estrat\u00e8gia de les \u00c0rees Digitals<\/strong> de la Generalitat. Tamb\u00e9 compta amb el suport de la <strong>Fundaci\u00f3 i2CAT<\/strong> i del <strong>Mobile World Capital<\/strong>, i t\u00e9 com a objectiu fomentar l&#8217;\u00fas de les tecnologies digitals avan\u00e7ades per la transformaci\u00f3 de tot el territori.<\/p>\n\n\n\n<p>L&#8217;objectiu d\u2019aquesta segona fase \u00e9s la realitzaci\u00f3 de <strong>100 operacions<\/strong> dins dels l\u00edmits de risc operacionau <em>SAIL II<\/em> per la estandaritzaci\u00f3 de les operacions amb nous drons com el <em>DJI Flycart100<\/em>, de fins a 100 kg. Pendent les proves analitzar\u00e0 la viabilitat, serveis de transport de c\u00e0rrega <strong>per poder obtenir les autoritzacions d\u2019operacions <em>adhoc<\/em> amb AESA<\/strong> (Ag\u00e8ncia estatal de seguretat a\u00e8ria) segons la metodologia SORA.<\/p>\n\n\n\n<figure class=\"wp-block-image size-large\"><img fetchpriority=\"high\" decoding=\"async\" width=\"1024\" height=\"768\" src=\"https:\/\/www.hepic-hub.org\/wp-content\/uploads\/2025\/11\/3c9a1108-1107-4653-a8cc-edc81c7658b6-1024x768.jpg\" alt=\"\" class=\"wp-image-6118\" srcset=\"https:\/\/www.hepic-hub.org\/wp-content\/uploads\/2025\/11\/3c9a1108-1107-4653-a8cc-edc81c7658b6-1024x768.jpg 1024w, https:\/\/www.hepic-hub.org\/wp-content\/uploads\/2025\/11\/3c9a1108-1107-4653-a8cc-edc81c7658b6-300x225.jpg 300w, https:\/\/www.hepic-hub.org\/wp-content\/uploads\/2025\/11\/3c9a1108-1107-4653-a8cc-edc81c7658b6-768x576.jpg 768w, https:\/\/www.hepic-hub.org\/wp-content\/uploads\/2025\/11\/3c9a1108-1107-4653-a8cc-edc81c7658b6-1536x1152.jpg 1536w, https:\/\/www.hepic-hub.org\/wp-content\/uploads\/2025\/11\/3c9a1108-1107-4653-a8cc-edc81c7658b6-2048x1536.jpg 2048w, https:\/\/www.hepic-hub.org\/wp-content\/uploads\/2025\/11\/3c9a1108-1107-4653-a8cc-edc81c7658b6-1200x900.jpg 1200w, https:\/\/www.hepic-hub.org\/wp-content\/uploads\/2025\/11\/3c9a1108-1107-4653-a8cc-edc81c7658b6-1980x1485.jpg 1980w\" sizes=\"(max-width: 1024px) 100vw, 1024px\" \/><\/figure>\n\n\n\n<p>Despr\u00e9s d\u2019estudiar els diversos factors que afecten a l&#8217;aviaci\u00f3, Pirineos Drone ha determinat <strong>6 rutes a Aran<\/strong> per la realitzaci\u00f3 d\u2019aquestes operacions de transport amb objectius diferents: <strong><em>Varrad\u00f2s-Alt \u00c0neu, Tur\u00f3 Dossau, Estany Garrabea, Baixa d\u2019Arres, Artiga de Lin, Porcingles i els entorns de Gar\u00f2s.<\/em><\/strong><\/p>\n\n\n\n<p>Amb aquestes operacions, aquest projecte vol reduir els temps de lliurament, els costos operatius i les emissions respecte a altres mitjans de transport convencional, i tamb\u00e9 <strong>proporcionar un servei segur, fiable i recurrent, amb un seguiment a temps real i un control prec\u00eds dels lliuraments.<\/strong><\/p>\n\n\n\n<p>Com ha comentat el<em> conselh\u00e8r<\/em> d\u2019Innovaci\u00f3, Oriol Sala: <em>\u201cA m\u00e9s de finan\u00e7ar aquestes proves pilot, l<strong>&#8216;avantatja de ser part de la xarxa d\u2019innovaci\u00f3 <\/strong>de les \u00c0rees Digitals permet que les <strong>millors expertes en dr\u00f2ns,<\/strong> com Cristina Ramos, de la Fundaci\u00f3 i2CAT, puguin donar <strong>assessorament<\/strong> a Pirineos Drone <strong>i fer un seguiment t\u00e8cnic,<\/strong> i demostrar els <strong>beneficis de l&#8217;alian\u00e7a entre l&#8217;administraci\u00f3 i les empreses del territori<\/strong>\u201d.<\/em><\/p>\n\n\n\n<p>Tamb\u00e9 cal remarcar que ARCHYTAS \u00e9s el <strong>primer projecte de l&#8217;aplicaci\u00f3 del nou concepte de Mobilitat A\u00e8ria Urbana (UAM),<\/strong> basat en la sostenibilitat i els sistemes no tripulats. En aquest sentit, les <strong>zones rurals tenen un gran potencial per la baixa densitat de poblaci\u00f3,<\/strong> no obstant aix\u00f2, cal superar reptes com l&#8217;orografia i la falta de connectivitat, que s\u2019estudiaran amb detall en aquest pilot.<\/p>\n\n\n\n<p>Aquest projecte pilot ha estat finan\u00e7at gr\u00e0cies al conveni amb el Ministeri per a la Transici\u00f3 Ecol\u00f2gica i el Repte Demogr\u00e0fic del <em>Gobierno de Espa\u00f1a.<\/em><\/p>\n\n\n\n<figure class=\"wp-block-image size-full\"><img decoding=\"async\" width=\"511\" height=\"95\" src=\"https:\/\/www.hepic-hub.org\/wp-content\/uploads\/2025\/09\/image.png\" alt=\"\" class=\"wp-image-6139\" srcset=\"https:\/\/www.hepic-hub.org\/wp-content\/uploads\/2025\/09\/image.png 511w, https:\/\/www.hepic-hub.org\/wp-content\/uploads\/2025\/09\/image-300x56.png 300w\" sizes=\"(max-width: 511px) 100vw, 511px\" \/><\/figure>\n\n\n\n<p>Vielha, 20 de setembre de 2025<\/p>\n","protected":false},"excerpt":{"rendered":"<p>Aquesta setmana, a la seu del Govern d\u2019Aran, comen\u00e7ava la segona fase del projecte ARCHYTAS, que vol millorar la log\u00edstica a les zones de muntanya amb drons de c\u00e0rrega, concretament,&#8230;<\/p>\n","protected":false},"author":4,"featured_media":6115,"comment_status":"closed","ping_status":"open","sticky":false,"template":"","format":"standard","meta":{"inline_featured_image":false,"footnotes":""},"categories":[84],"tags":[],"class_list":["post-6122","post","type-post","status-publish","format-standard","has-post-thumbnail","hentry","category-projectes"],"_links":{"self":[{"href":"https:\/\/www.hepic-hub.org\/ca\/wp-json\/wp\/v2\/posts\/6122","targetHints":{"allow":["GET"]}}],"collection":[{"href":"https:\/\/www.hepic-hub.org\/ca\/wp-json\/wp\/v2\/posts"}],"about":[{"href":"https:\/\/www.hepic-hub.org\/ca\/wp-json\/wp\/v2\/types\/post"}],"author":[{"embeddable":true,"href":"https:\/\/www.hepic-hub.org\/ca\/wp-json\/wp\/v2\/users\/4"}],"replies":[{"embeddable":true,"href":"https:\/\/www.hepic-hub.org\/ca\/wp-json\/wp\/v2\/comments?post=6122"}],"version-history":[{"count":3,"href":"https:\/\/www.hepic-hub.org\/ca\/wp-json\/wp\/v2\/posts\/6122\/revisions"}],"predecessor-version":[{"id":6143,"href":"https:\/\/www.hepic-hub.org\/ca\/wp-json\/wp\/v2\/posts\/6122\/revisions\/6143"}],"wp:featuredmedia":[{"embeddable":true,"href":"https:\/\/www.hepic-hub.org\/ca\/wp-json\/wp\/v2\/media\/6115"}],"wp:attachment":[{"href":"https:\/\/www.hepic-hub.org\/ca\/wp-json\/wp\/v2\/media?parent=6122"}],"wp:term":[{"taxonomy":"category","embeddable":true,"href":"https:\/\/www.hepic-hub.org\/ca\/wp-json\/wp\/v2\/categories?post=6122"},{"taxonomy":"post_tag","embeddable":true,"href":"https:\/\/www.hepic-hub.org\/ca\/wp-json\/wp\/v2\/tags?post=6122"}],"curies":[{"name":"wp","href":"https:\/\/api.w.org\/{rel}","templated":true}]}}