{"id":5743,"date":"2025-06-06T12:13:37","date_gmt":"2025-06-06T10:13:37","guid":{"rendered":"https:\/\/www.hepic-hub.org\/?p=5743"},"modified":"2025-07-24T12:53:19","modified_gmt":"2025-07-24T10:53:19","slug":"visita-del-director-general-de-ladministracio-local-i-despoblament-del-govern-de-navarra","status":"publish","type":"post","link":"https:\/\/www.hepic-hub.org\/ca\/2025\/06\/06\/visita-del-director-general-de-ladministracio-local-i-despoblament-del-govern-de-navarra\/","title":{"rendered":"Visita del Director General de l&#8217;Administraci\u00f3 Local i Despoblament del govern de Navarra"},"content":{"rendered":"\n<ul class=\"wp-block-list\">\n<li><strong>Avui, el Director General de l&#8217;Administraci\u00f3 Local i Despoblament del govern de Navarra,\u00a0Jes\u00fas Mar\u00eda Rodr\u00edguez juntament amb dues t\u00e8cnica d\u2019innovaci\u00f3, ens han visitat per  ajudar-los amb la creaci\u00f3 del CIT de Navarra.<\/strong><\/li>\n<\/ul>\n\n\n\n<p>El cap d\u2019innovaci\u00f3 del Conselh\u00a0Generau d&#8217;Aran,<em> Guillem Piris,<\/em> i la t\u00e8cnica d&#8217;innovaci\u00f3, <em>Clara Estrada, <\/em>han explicat el proc\u00e9s de <strong>creaci\u00f3 de l&#8217;estructura, financiaci\u00f3, governan\u00e7a, coordinaci\u00f3 amb d\u2019altres entitats, selecci\u00f3 de projectes, seguiment i indicadors de H\u00e9Pic,<\/strong> el centre d&#8217;innovaci\u00f3 territorial de la Val d&#8217;Aran, CIT Aran.<\/p>\n\n\n\n<p> Despr\u00e9s, la CEO de <strong>Pirineos Drone Aviation,<\/strong> <em>Lara Iglesia<\/em>\u00a0ha fet una exposici\u00f3 del pilot de transport de c\u00e0rregues de menys de 100 kg amb <em>drons<\/em> que finan\u00e7a el\u00a0Conselh General per a:<\/p>\n\n\n\n<ul class=\"wp-block-list\">\n<li>Donar suport a la ramaderia<\/li>\n\n\n\n<li>Manteniment d\u2019infraestructures de telecomunicacions <\/li>\n\n\n\n<li>Suministraments de refugis de muntanya. <\/li>\n<\/ul>\n\n\n\n<p>Aix\u00ed com, els ha detallat els grans aven\u00e7os que ha aconseguit aquesta empresa en relaci\u00f3 al lideratge en log\u00edstica amb<em> drons.<\/em><\/p>\n\n\n\n<figure class=\"wp-block-image size-large\"><img fetchpriority=\"high\" decoding=\"async\" width=\"1024\" height=\"768\" src=\"https:\/\/www.hepic-hub.org\/wp-content\/uploads\/2025\/07\/1749229819531-1024x768.jpg\" alt=\"\" class=\"wp-image-5729\" srcset=\"https:\/\/www.hepic-hub.org\/wp-content\/uploads\/2025\/07\/1749229819531-1024x768.jpg 1024w, https:\/\/www.hepic-hub.org\/wp-content\/uploads\/2025\/07\/1749229819531-300x225.jpg 300w, https:\/\/www.hepic-hub.org\/wp-content\/uploads\/2025\/07\/1749229819531-768x576.jpg 768w, https:\/\/www.hepic-hub.org\/wp-content\/uploads\/2025\/07\/1749229819531-1536x1152.jpg 1536w, https:\/\/www.hepic-hub.org\/wp-content\/uploads\/2025\/07\/1749229819531-1200x900.jpg 1200w, https:\/\/www.hepic-hub.org\/wp-content\/uploads\/2025\/07\/1749229819531-1980x1485.jpg 1980w, https:\/\/www.hepic-hub.org\/wp-content\/uploads\/2025\/07\/1749229819531.jpg 2048w\" sizes=\"(max-width: 1024px) 100vw, 1024px\" \/><\/figure>\n\n\n\n<p>Tot seguit,&nbsp;<em>Dani Gavald\u00e0 i Alvaro Ari\u00f1o<\/em>,&nbsp;co-fundadors de l&#8217;empresa <strong>Maladeta Studio i Lueira ERP<\/strong>&nbsp;han exposat el seu model de negoci especialitzant-se en el desenvolupament de <em>softwares<\/em> en l&#8217;\u00e0mbit de la gesti\u00f3 d\u2019activitats, esports i experi\u00e8ncies. A m\u00e9s a m\u00e9s, han donat a con\u00e8ixer  <strong>l&#8217;Associaci\u00f3 d&#8217;Innovaci\u00f3 a muntanya<\/strong>&nbsp;amb la qual treballa H\u00e8Pic en una col\u00b7laboraci\u00f3 publico-privada.<\/p>\n\n\n\n<p>Finalment,\u00a0<strong>Pompi\u00e8rs-Emerg\u00e9ncies<\/strong> han compartit com han anat evolucionant en l&#8217;adquisici\u00f3 de compet\u00e8ncies fins arribar a obtenir una Sala de Control propia que permet donar un servei d\u2019emerg\u00e8ncies des del propi territori amb els coneixements dels TOCS que fa que s&#8217;agilitzi notablement qualsevol tipus d\u2019identificaci\u00f3 i actuaci\u00f3 en les operacions del cos de bombers.<\/p>\n\n\n\n<figure class=\"wp-block-image size-large\"><img decoding=\"async\" width=\"1024\" height=\"768\" src=\"https:\/\/www.hepic-hub.org\/wp-content\/uploads\/2025\/07\/WhatsApp-Image-2025-06-06-at-15.56.49-1024x768.jpeg\" alt=\"\" class=\"wp-image-5732\" srcset=\"https:\/\/www.hepic-hub.org\/wp-content\/uploads\/2025\/07\/WhatsApp-Image-2025-06-06-at-15.56.49-1024x768.jpeg 1024w, https:\/\/www.hepic-hub.org\/wp-content\/uploads\/2025\/07\/WhatsApp-Image-2025-06-06-at-15.56.49-300x225.jpeg 300w, https:\/\/www.hepic-hub.org\/wp-content\/uploads\/2025\/07\/WhatsApp-Image-2025-06-06-at-15.56.49-768x576.jpeg 768w, https:\/\/www.hepic-hub.org\/wp-content\/uploads\/2025\/07\/WhatsApp-Image-2025-06-06-at-15.56.49-1536x1152.jpeg 1536w, https:\/\/www.hepic-hub.org\/wp-content\/uploads\/2025\/07\/WhatsApp-Image-2025-06-06-at-15.56.49-1200x900.jpeg 1200w, https:\/\/www.hepic-hub.org\/wp-content\/uploads\/2025\/07\/WhatsApp-Image-2025-06-06-at-15.56.49-1980x1485.jpeg 1980w, https:\/\/www.hepic-hub.org\/wp-content\/uploads\/2025\/07\/WhatsApp-Image-2025-06-06-at-15.56.49.jpeg 2048w\" sizes=\"(max-width: 1024px) 100vw, 1024px\" \/><\/figure>\n\n\n\n<p>Agra\u00efm a tots i totes pel temps dedicat per donar a con\u00e8ixer el desenvolupament de la innovaci\u00f3 a l&#8217;Aran com eina per la diversificaci\u00f3 econ\u00f2mica i la retenci\u00f3 del talent.<\/p>\n","protected":false},"excerpt":{"rendered":"<p>El cap d\u2019innovaci\u00f3 del Conselh\u00a0Generau d&#8217;Aran, Guillem Piris, i la t\u00e8cnica d&#8217;innovaci\u00f3, Clara Estrada, han explicat el proc\u00e9s de creaci\u00f3 de l&#8217;estructura, financiaci\u00f3, governan\u00e7a, coordinaci\u00f3 amb d\u2019altres entitats, selecci\u00f3 de&#8230;<\/p>\n","protected":false},"author":4,"featured_media":5735,"comment_status":"closed","ping_status":"open","sticky":false,"template":"","format":"standard","meta":{"inline_featured_image":false,"footnotes":""},"categories":[84],"tags":[],"class_list":["post-5743","post","type-post","status-publish","format-standard","has-post-thumbnail","hentry","category-projectes"],"_links":{"self":[{"href":"https:\/\/www.hepic-hub.org\/ca\/wp-json\/wp\/v2\/posts\/5743","targetHints":{"allow":["GET"]}}],"collection":[{"href":"https:\/\/www.hepic-hub.org\/ca\/wp-json\/wp\/v2\/posts"}],"about":[{"href":"https:\/\/www.hepic-hub.org\/ca\/wp-json\/wp\/v2\/types\/post"}],"author":[{"embeddable":true,"href":"https:\/\/www.hepic-hub.org\/ca\/wp-json\/wp\/v2\/users\/4"}],"replies":[{"embeddable":true,"href":"https:\/\/www.hepic-hub.org\/ca\/wp-json\/wp\/v2\/comments?post=5743"}],"version-history":[{"count":2,"href":"https:\/\/www.hepic-hub.org\/ca\/wp-json\/wp\/v2\/posts\/5743\/revisions"}],"predecessor-version":[{"id":5748,"href":"https:\/\/www.hepic-hub.org\/ca\/wp-json\/wp\/v2\/posts\/5743\/revisions\/5748"}],"wp:featuredmedia":[{"embeddable":true,"href":"https:\/\/www.hepic-hub.org\/ca\/wp-json\/wp\/v2\/media\/5735"}],"wp:attachment":[{"href":"https:\/\/www.hepic-hub.org\/ca\/wp-json\/wp\/v2\/media?parent=5743"}],"wp:term":[{"taxonomy":"category","embeddable":true,"href":"https:\/\/www.hepic-hub.org\/ca\/wp-json\/wp\/v2\/categories?post=5743"},{"taxonomy":"post_tag","embeddable":true,"href":"https:\/\/www.hepic-hub.org\/ca\/wp-json\/wp\/v2\/tags?post=5743"}],"curies":[{"name":"wp","href":"https:\/\/api.w.org\/{rel}","templated":true}]}}