{"id":5721,"date":"2025-07-19T11:30:55","date_gmt":"2025-07-19T09:30:55","guid":{"rendered":"https:\/\/www.hepic-hub.org\/?p=5721"},"modified":"2025-07-24T11:37:53","modified_gmt":"2025-07-24T09:37:53","slug":"vilamos-acull-la-jornada-central-del-projecte-ovihuec-dat-que-impulsa-un-nou-model-de-ramaderia-extensiva-per-als-pirineus","status":"publish","type":"post","link":"https:\/\/www.hepic-hub.org\/ca\/2025\/07\/19\/vilamos-acull-la-jornada-central-del-projecte-ovihuec-dat-que-impulsa-un-nou-model-de-ramaderia-extensiva-per-als-pirineus\/","title":{"rendered":"Vilam\u00f2s acull la jornada central del projecte Ovihuec.dat, que impulsa un nou model de ramaderia extensiva per als Pirineus"},"content":{"rendered":"\n<ul class=\"wp-block-list\">\n<li><strong>El projecte aposta per una ramaderia extensiva innovadora i compromesa amb el territori, la biodiversitat i el canvi generacional.<\/strong><\/li>\n<\/ul>\n\n\n\n<p>Vilam\u00f2s ha estat l\u2019escenari, durant dos dies, de l\u2019acte central del projecte Ovihuec.dat, una iniciativa compartida entre institucions p\u00fabliques, centres de recerca i administracions locals que<strong> vol donar a con\u00e8ixer la viabilitat d\u2019un nou model de ramaderia extensiva basat en la ci\u00e8ncia i el territori. <\/strong>El projecte busca contribuir a la gesti\u00f3 sostenible dels espais oberts, la prevenci\u00f3 d\u2019incendis, la producci\u00f3 d\u2019aliments de qualitat i la revitalitzaci\u00f3 econ\u00f2mica i social de les zones de muntanya.<\/p>\n\n\n\n<p><strong>El divendres 18<\/strong>, la <strong>jornada t\u00e8cnica <\/strong>va reunir experts, representants institucionals i del m\u00f3n local per fer un balan\u00e7 del primer any d\u2019activitat del projecte. Es van compartir les primeres <strong>dades obtingudes a partir del seguiment del ramat p\u00fablic de petits ruminants<\/strong>, que incorpora tecnologia de geolocalitzaci\u00f3, sensors ambientals i protocols experimentals per estudiar l\u2019impacte de la silvopastura.<\/p>\n\n\n\n<figure class=\"wp-block-image size-large\"><img fetchpriority=\"high\" decoding=\"async\" width=\"1024\" height=\"683\" src=\"https:\/\/www.hepic-hub.org\/wp-content\/uploads\/2025\/07\/Jornada-tecnica-Vilamos-33-1024x683.jpeg\" alt=\"\" class=\"wp-image-5711\" srcset=\"https:\/\/www.hepic-hub.org\/wp-content\/uploads\/2025\/07\/Jornada-tecnica-Vilamos-33-1024x683.jpeg 1024w, https:\/\/www.hepic-hub.org\/wp-content\/uploads\/2025\/07\/Jornada-tecnica-Vilamos-33-300x200.jpeg 300w, https:\/\/www.hepic-hub.org\/wp-content\/uploads\/2025\/07\/Jornada-tecnica-Vilamos-33-768x512.jpeg 768w, https:\/\/www.hepic-hub.org\/wp-content\/uploads\/2025\/07\/Jornada-tecnica-Vilamos-33-1536x1024.jpeg 1536w, https:\/\/www.hepic-hub.org\/wp-content\/uploads\/2025\/07\/Jornada-tecnica-Vilamos-33-2048x1365.jpeg 2048w, https:\/\/www.hepic-hub.org\/wp-content\/uploads\/2025\/07\/Jornada-tecnica-Vilamos-33-1200x800.jpeg 1200w, https:\/\/www.hepic-hub.org\/wp-content\/uploads\/2025\/07\/Jornada-tecnica-Vilamos-33-1980x1320.jpeg 1980w\" sizes=\"(max-width: 1024px) 100vw, 1024px\" \/><\/figure>\n\n\n\n<p><strong>El dissabte 19<\/strong>, la jornada festiva va obrir les portes a la ciutadania amb <strong>tallers infantils, visites guiades, tastos de productes locals, m\u00fasica en viu i una visita teatralitzada <\/strong>que va permetre descobrir el projecte d\u2019una manera l\u00fadica i participativa. Els actes van refor\u00e7ar la implicaci\u00f3 de la comunitat i van posar en valor l\u2019impacte local d\u2019Ovihuec.dat a la Val d\u2019Aran.<\/p>\n\n\n\n<figure class=\"wp-block-image size-large\"><img decoding=\"async\" width=\"1024\" height=\"683\" src=\"https:\/\/www.hepic-hub.org\/wp-content\/uploads\/2025\/07\/WhatsApp-Image-2025-07-19-at-17.31.52-1-1024x683.jpeg\" alt=\"\" class=\"wp-image-5702\" srcset=\"https:\/\/www.hepic-hub.org\/wp-content\/uploads\/2025\/07\/WhatsApp-Image-2025-07-19-at-17.31.52-1-1024x683.jpeg 1024w, https:\/\/www.hepic-hub.org\/wp-content\/uploads\/2025\/07\/WhatsApp-Image-2025-07-19-at-17.31.52-1-300x200.jpeg 300w, https:\/\/www.hepic-hub.org\/wp-content\/uploads\/2025\/07\/WhatsApp-Image-2025-07-19-at-17.31.52-1-768x512.jpeg 768w, https:\/\/www.hepic-hub.org\/wp-content\/uploads\/2025\/07\/WhatsApp-Image-2025-07-19-at-17.31.52-1-1536x1024.jpeg 1536w, https:\/\/www.hepic-hub.org\/wp-content\/uploads\/2025\/07\/WhatsApp-Image-2025-07-19-at-17.31.52-1-2048x1365.jpeg 2048w, https:\/\/www.hepic-hub.org\/wp-content\/uploads\/2025\/07\/WhatsApp-Image-2025-07-19-at-17.31.52-1-1200x800.jpeg 1200w, https:\/\/www.hepic-hub.org\/wp-content\/uploads\/2025\/07\/WhatsApp-Image-2025-07-19-at-17.31.52-1-1980x1320.jpeg 1980w\" sizes=\"(max-width: 1024px) 100vw, 1024px\" \/><\/figure>\n\n\n\n<p>Per al conseller de Gesti\u00f3 Ambiental i Transici\u00f3 Energ\u00e8tica i d\u2019Innovaci\u00f3 i batlle de Vilam\u00f2s, Oriol Sala: <em>\u201cLes jornades i la festa d\u2019Ovihuec a Vilam\u00f2s s\u00f3n un referent per parlar de la import\u00e0ncia de la ramaderia extensiva al territori\u201d. \u201cHem d\u2019estar proactius en projectes d\u2019aquest tipus i aix\u00ed afavorir una millor biodiversitat. Ovihuec ha de ser el pilot que permeti tenir m\u00e9s ramats als pobles on el bestiar ha desaparegut.\u201d<\/em><\/p>\n\n\n\n<figure class=\"wp-block-image size-large\"><img decoding=\"async\" width=\"1024\" height=\"683\" src=\"https:\/\/www.hepic-hub.org\/wp-content\/uploads\/2025\/07\/WhatsApp-Image-2025-07-19-at-19.06.07-1-1024x683.jpeg\" alt=\"\" class=\"wp-image-5705\" srcset=\"https:\/\/www.hepic-hub.org\/wp-content\/uploads\/2025\/07\/WhatsApp-Image-2025-07-19-at-19.06.07-1-1024x683.jpeg 1024w, https:\/\/www.hepic-hub.org\/wp-content\/uploads\/2025\/07\/WhatsApp-Image-2025-07-19-at-19.06.07-1-300x200.jpeg 300w, https:\/\/www.hepic-hub.org\/wp-content\/uploads\/2025\/07\/WhatsApp-Image-2025-07-19-at-19.06.07-1-768x512.jpeg 768w, https:\/\/www.hepic-hub.org\/wp-content\/uploads\/2025\/07\/WhatsApp-Image-2025-07-19-at-19.06.07-1-1536x1024.jpeg 1536w, https:\/\/www.hepic-hub.org\/wp-content\/uploads\/2025\/07\/WhatsApp-Image-2025-07-19-at-19.06.07-1-2048x1365.jpeg 2048w, https:\/\/www.hepic-hub.org\/wp-content\/uploads\/2025\/07\/WhatsApp-Image-2025-07-19-at-19.06.07-1-1200x800.jpeg 1200w, https:\/\/www.hepic-hub.org\/wp-content\/uploads\/2025\/07\/WhatsApp-Image-2025-07-19-at-19.06.07-1-1980x1320.jpeg 1980w\" sizes=\"(max-width: 1024px) 100vw, 1024px\" \/><\/figure>\n\n\n\n<p>Segons la s\u00edndica d\u2019Aran, Maria Verg\u00e9s: <em>\u201cAquestes jornades al voltant del projecte OVIHUEC.DAT volen donar a con\u00e8ixer tot el desenvolupament cient\u00edfic darrere del ramat i tenen com a finalitat arribar a la diversificaci\u00f3 de la nostra economia mitjan\u00e7ant el foment de l\u2019agricultura i el profit dels s\u00f2ls derivats\u201d. <\/em>I va afegir: <em>\u201c\u00c9s necessari informar de manera interactiva i inclusiva els aranesi i araneses dels projectes que es desenvolupen al territori, on conviuen realitats diferents: l\u2019agricola, la ramadera, l\u2019econ\u00f2mica, la social i la tur\u00edstica.\u201d<\/em><\/p>\n\n\n\n<p><strong>Un ramat al servei de la innovaci\u00f3 i el paisatge<\/strong><\/p>\n\n\n\n<p>El projecte <strong>combina coneixement cient\u00edfic, tecnologia digital i sabers locals <\/strong>per desenvolupar un model de gesti\u00f3 forestal i ramadera compatible i sostenible. Durant aquest primer any s\u2019ha consolidat la <strong>gesti\u00f3 del ramat, s\u2019ha desplegat tecnologia de seguiment <\/strong>(collarets de geolocalitzaci\u00f3 i tancaments virtuals),<strong> i s\u2019han iniciat estudis sobre s\u00f2l, vegetaci\u00f3 i impacte econ\u00f2mic.<\/strong> Tamb\u00e9 es treballa per fer la <strong>ramaderia extensiva m\u00e9s compatible amb la vida personal i professional dels joves,<\/strong> dignificant la figura del pastor\/a i promovent el canvi generacional.<\/p>\n\n\n\n<figure class=\"wp-block-image size-large\"><img loading=\"lazy\" decoding=\"async\" width=\"1024\" height=\"683\" src=\"https:\/\/www.hepic-hub.org\/wp-content\/uploads\/2025\/07\/DSC0699-copia-1024x683.jpg\" alt=\"\" class=\"wp-image-5714\" srcset=\"https:\/\/www.hepic-hub.org\/wp-content\/uploads\/2025\/07\/DSC0699-copia-1024x683.jpg 1024w, https:\/\/www.hepic-hub.org\/wp-content\/uploads\/2025\/07\/DSC0699-copia-300x200.jpg 300w, https:\/\/www.hepic-hub.org\/wp-content\/uploads\/2025\/07\/DSC0699-copia-768x512.jpg 768w, https:\/\/www.hepic-hub.org\/wp-content\/uploads\/2025\/07\/DSC0699-copia-1536x1024.jpg 1536w, https:\/\/www.hepic-hub.org\/wp-content\/uploads\/2025\/07\/DSC0699-copia-2048x1365.jpg 2048w, https:\/\/www.hepic-hub.org\/wp-content\/uploads\/2025\/07\/DSC0699-copia-1200x800.jpg 1200w, https:\/\/www.hepic-hub.org\/wp-content\/uploads\/2025\/07\/DSC0699-copia-1980x1320.jpg 1980w\" sizes=\"(max-width: 1024px) 100vw, 1024px\" \/><\/figure>\n\n\n\n<p><strong>Una col\u00b7laboraci\u00f3 entre ci\u00e8ncia i territori<\/strong><\/p>\n\n\n\n<p>El projecte Ovihuec.dat ha estat impulsat per l\u2019Ajuntament de Vilam\u00f2s, el Conselh Generau d\u2019Aran, l\u2019IRTA, amb la col\u00b7laboraci\u00f3 del Centre de Ci\u00e8ncia i Tecnologia Forestal de Catalunya (CTFC), el Centre de Recerca en Economia i Desenvolupament Agroalimentari (CREDA-UPC-IRTA) i el Centre Tecnologic de la Informaci\u00f3 i la Comunicaci\u00f3 (CTIC). Totes les entitats participen com a socis del projecte.<\/p>\n\n\n\n<figure class=\"wp-block-image size-large\"><img loading=\"lazy\" decoding=\"async\" width=\"1024\" height=\"683\" src=\"https:\/\/www.hepic-hub.org\/wp-content\/uploads\/2025\/07\/WhatsApp-Image-2025-07-19-at-17.31.56-1024x683.jpeg\" alt=\"\" class=\"wp-image-5708\" srcset=\"https:\/\/www.hepic-hub.org\/wp-content\/uploads\/2025\/07\/WhatsApp-Image-2025-07-19-at-17.31.56-1024x683.jpeg 1024w, https:\/\/www.hepic-hub.org\/wp-content\/uploads\/2025\/07\/WhatsApp-Image-2025-07-19-at-17.31.56-300x200.jpeg 300w, https:\/\/www.hepic-hub.org\/wp-content\/uploads\/2025\/07\/WhatsApp-Image-2025-07-19-at-17.31.56-768x512.jpeg 768w, https:\/\/www.hepic-hub.org\/wp-content\/uploads\/2025\/07\/WhatsApp-Image-2025-07-19-at-17.31.56-1536x1024.jpeg 1536w, https:\/\/www.hepic-hub.org\/wp-content\/uploads\/2025\/07\/WhatsApp-Image-2025-07-19-at-17.31.56-2048x1365.jpeg 2048w, https:\/\/www.hepic-hub.org\/wp-content\/uploads\/2025\/07\/WhatsApp-Image-2025-07-19-at-17.31.56-1200x800.jpeg 1200w, https:\/\/www.hepic-hub.org\/wp-content\/uploads\/2025\/07\/WhatsApp-Image-2025-07-19-at-17.31.56-1980x1320.jpeg 1980w\" sizes=\"(max-width: 1024px) 100vw, 1024px\" \/><\/figure>\n\n\n\n<p>P<strong>rojecte finan\u00e7at amb fons europeus<\/strong><\/p>\n\n\n\n<p>Ovihuec.dat ha estat finan\u00e7at per la Fundaci\u00f3n Biodiversidad, del Ministeri per a la Transici\u00f3 Ecol\u00f2gica i el Repte Demogr\u00e0fic, en el marc del Pla de &nbsp;Recuperaci\u00f3, Transformaci\u00f3 i Resili\u00e8ncia (PRTR), finan\u00e7at per la Uni\u00f3 Europea-NextGenerationEU.<\/p>\n\n\n\n<p>Dissabte, 19 de juliol de 2025.<\/p>\n\n\n\n<figure class=\"wp-block-image size-large\"><img loading=\"lazy\" decoding=\"async\" width=\"1024\" height=\"70\" src=\"https:\/\/www.hepic-hub.org\/wp-content\/uploads\/2025\/06\/Amb-banderes-a-color-PNG-1024x70.png\" alt=\"\" class=\"wp-image-5404\" srcset=\"https:\/\/www.hepic-hub.org\/wp-content\/uploads\/2025\/06\/Amb-banderes-a-color-PNG-1024x70.png 1024w, https:\/\/www.hepic-hub.org\/wp-content\/uploads\/2025\/06\/Amb-banderes-a-color-PNG-300x21.png 300w, https:\/\/www.hepic-hub.org\/wp-content\/uploads\/2025\/06\/Amb-banderes-a-color-PNG-768x53.png 768w, https:\/\/www.hepic-hub.org\/wp-content\/uploads\/2025\/06\/Amb-banderes-a-color-PNG-1536x106.png 1536w, https:\/\/www.hepic-hub.org\/wp-content\/uploads\/2025\/06\/Amb-banderes-a-color-PNG-2048x141.png 2048w, https:\/\/www.hepic-hub.org\/wp-content\/uploads\/2025\/06\/Amb-banderes-a-color-PNG-1200x83.png 1200w, https:\/\/www.hepic-hub.org\/wp-content\/uploads\/2025\/06\/Amb-banderes-a-color-PNG-1980x136.png 1980w\" sizes=\"(max-width: 1024px) 100vw, 1024px\" \/><\/figure>\n\n\n\n<p><a href=\"https:\/\/www.conselharan.org\/ca\/vilamos-acull-la-jornada-central-del-projecte-ovihuec-dat-que-impulsa-un-nou-model-de-ramaderia-extensiva-per-als-pirineus\/sense-banderes-a-color-png-irta-2\/\"><\/a><\/p>\n","protected":false},"excerpt":{"rendered":"<p>Vilam\u00f2s ha estat l\u2019escenari, durant dos dies, de l\u2019acte central del projecte Ovihuec.dat, una iniciativa compartida entre institucions p\u00fabliques, centres de recerca i administracions locals que vol donar a con\u00e8ixer&#8230;<\/p>\n","protected":false},"author":4,"featured_media":5717,"comment_status":"closed","ping_status":"open","sticky":false,"template":"","format":"standard","meta":{"inline_featured_image":false,"footnotes":""},"categories":[84],"tags":[],"class_list":["post-5721","post","type-post","status-publish","format-standard","has-post-thumbnail","hentry","category-projectes"],"_links":{"self":[{"href":"https:\/\/www.hepic-hub.org\/ca\/wp-json\/wp\/v2\/posts\/5721","targetHints":{"allow":["GET"]}}],"collection":[{"href":"https:\/\/www.hepic-hub.org\/ca\/wp-json\/wp\/v2\/posts"}],"about":[{"href":"https:\/\/www.hepic-hub.org\/ca\/wp-json\/wp\/v2\/types\/post"}],"author":[{"embeddable":true,"href":"https:\/\/www.hepic-hub.org\/ca\/wp-json\/wp\/v2\/users\/4"}],"replies":[{"embeddable":true,"href":"https:\/\/www.hepic-hub.org\/ca\/wp-json\/wp\/v2\/comments?post=5721"}],"version-history":[{"count":1,"href":"https:\/\/www.hepic-hub.org\/ca\/wp-json\/wp\/v2\/posts\/5721\/revisions"}],"predecessor-version":[{"id":5722,"href":"https:\/\/www.hepic-hub.org\/ca\/wp-json\/wp\/v2\/posts\/5721\/revisions\/5722"}],"wp:featuredmedia":[{"embeddable":true,"href":"https:\/\/www.hepic-hub.org\/ca\/wp-json\/wp\/v2\/media\/5717"}],"wp:attachment":[{"href":"https:\/\/www.hepic-hub.org\/ca\/wp-json\/wp\/v2\/media?parent=5721"}],"wp:term":[{"taxonomy":"category","embeddable":true,"href":"https:\/\/www.hepic-hub.org\/ca\/wp-json\/wp\/v2\/categories?post=5721"},{"taxonomy":"post_tag","embeddable":true,"href":"https:\/\/www.hepic-hub.org\/ca\/wp-json\/wp\/v2\/tags?post=5721"}],"curies":[{"name":"wp","href":"https:\/\/api.w.org\/{rel}","templated":true}]}}