{"id":5081,"date":"2024-12-26T14:21:58","date_gmt":"2024-12-26T13:21:58","guid":{"rendered":"https:\/\/www.hepic-hub.org\/?p=5081"},"modified":"2024-12-26T14:22:01","modified_gmt":"2024-12-26T13:22:01","slug":"balanc-anual-dun-espai-de-treball-compartit-el-coworking-de-hepic","status":"publish","type":"post","link":"https:\/\/www.hepic-hub.org\/ca\/2024\/12\/26\/balanc-anual-dun-espai-de-treball-compartit-el-coworking-de-hepic\/","title":{"rendered":"Balan\u00e7 anual d\u2019un espai de treball compartit, el coworking de H\u00e8Pic"},"content":{"rendered":"\n<ul class=\"wp-block-list\">\n<li><strong>Tanquem aquest 2024 amb excel\u00b7lents dades d\u2019aflu\u00e8ncia d\u2019usuaris\/es al nostre coworking promovent el teletreball col\u00b7laboratiu<\/strong><\/li>\n<\/ul>\n\n\n\n<p>A la carretera de Gausac n\u00famero 1 de Vielha s\u2019ubica el coworking de H\u00e8Pic, el centre d\u2019innovaci\u00f3 territorial del Conselh Generau d\u2019Aran, <strong>un espai per poder treballar en remot que acull tant a persones residents a la Val d\u2019Aran, com als visitants.<\/strong><strong><\/strong><\/p>\n\n\n\n<p>En aquestes instal\u00b7lacions disposem de <strong>16 llocs de treball<\/strong> amb escriptoris compartits, <strong>connexi\u00f3 a internet, una impressora, 3 sales per fer reunions, 1 bany i 1 <\/strong><em><strong>office<\/strong><\/em> amb nevera, microones i cafetera. Tot preparat per oferir un ambient d\u2019oficina adient per totes aquelles persones que fan teletreball i necessiten realitzar videoconfer\u00e8ncies i tenir reunions confidencials.<\/p>\n\n\n\n<p>Es pot accedir al coworking des de <strong>dues modalitats: una, de curta duraci\u00f3<\/strong> per aquelles persones que han de treballar en remot durant menys de dues setmanes, i l\u2019altra, <strong>de llarga duraci\u00f3 per a les persones viuen a l\u2019Aran<\/strong> i treballen per una empresa de fora o s\u00f3n persones emprenedores que encara no disposen de despatx o oficina pr\u00f2pia. Per aquest \u00faltim perfil, &nbsp;hi ha 10 places disponibles que actualment ja estan cobertes.<\/p>\n\n\n\n<p>Enguany, <strong>a m\u00e9s de les 10 persones amb pla\u00e7a fixa, hem tramitat un conjunt 68 sol\u00b7licituds<\/strong> per poder utilitzar el coworking de forma temporal pendent 15 dies o menys, amb major concentraci\u00f3 a l\u2019estiu, Nadal i Setmana Santa.<\/p>\n\n\n\n<p>Tal i com afirma el <em>conselh\u00e8r<\/em> d\u2019Innovaci\u00f3, Oriol Sala: <em>\u201cLa creaci\u00f3 d\u2019aquestes oficines de treball compartit t\u00e9 com <strong>a objectiu l&#8217;atracci\u00f3 i retenci\u00f3 de talent al territori<\/strong>, oferint l&#8217;oportunitat de desenvolupar una traject\u00f2ria professional en \u00e0rees especialitzades, sobretot aquelles relacionades amb les noves tecnologies, des d\u2019un territori de muntanya com la Val d\u2019Aran\u201d. <\/em>I afegeix: <em>\u201cAix\u00ed com, posar a disposici\u00f3 un lloc on es puguin <strong>generar sinergies entre professionals de sectors diferents<\/strong> i crear noves l\u00ednies de treball o projectes comuns\u201d.<\/em><\/p>\n\n\n\n<p>A m\u00e9s a m\u00e9s, del 14 a la 27 d\u2019octubre, <strong>el coworking va ser el lloc de treball dels participants del projecte <em>Catalunya Rural Hub<\/em><\/strong> per als quals es va habilitar l&#8217;aula de formaci\u00f3. Aquest programa va permetre a 10 persones amb intenci\u00f3 d\u2019instal\u00b7lar-se en un territori de muntanya poder fer una prova pilot a Vielha <strong>descobrint les facilitats de treball en el remot del coworking amb bones instal\u00b7lacions i connectivitat.<\/strong> Tamb\u00e9 van poder con\u00e8ixer els beneficis de viure a Aran a trav\u00e9s de diferents visites a empreses amb base tecnol\u00f2gica i un programa d\u2019activitats culturals i al medi natural molt complet.<\/p>\n\n\n\n<p>Tal com indiquen les dades, el 70% de les persones que han utilitzat el coworking de llarga estada i el 53,3% de les sol\u00b7licituds d\u2019acc\u00e9s temporal, han sigut dones, demostrant que <strong>a l\u2019any 2024 l&#8217;espai ha sigut majorit\u00e0riament freq\u00fcentat per dones.<\/strong><strong><\/strong><\/p>\n\n\n\n<p>Pel que fa a la proced\u00e8ncia, el 70% dels visitants de curta duraci\u00f3 i el 50% de les persones amb pla\u00e7a fixa han sigut de <strong>la prov\u00edncia de Barcelona mostrant una clara predominan\u00e7a d\u2019usuaris\/es s\u00f3n d\u2019aquest origen.<\/strong> De les persones que assisteixen ass\u00edduament al coworking, nom\u00e9s dos s\u00f3n nascudes a Aran.<\/p>\n\n\n\n<p>Destaquem que, en aquests m\u00e9s de dos anys de funcionament del coworking, aquest servei ha propiciat unes <strong>din\u00e0miques professionals molt positives<\/strong> per totes les persones usu\u00e0ries de les dues modalitats i ha facilitat la <strong>conciliaci\u00f3 entre la passi\u00f3 pels esports de muntanya i el treball<\/strong>, promovent l&#8217;estada i arribada de nous professionals al territori.<\/p>\n\n\n\n<p>Per saber m\u00e9s sobre el balan\u00e7 d\u2019aquest 2024 pots llegir el document complet Balan\u00e7 anual d\u2019un espai de treball compartit, el coworking de H\u00e8Pic i vols saber-se m\u00e9s sobre el coworking o <strong>tramitar una sol\u00b7licitud<\/strong> pots contactar amb nosaltres a trav\u00e9s de:&nbsp; <a href=\"mailto:infohepic@aran.org\" target=\"_blank\" rel=\"noreferrer noopener\">infohepic@aran.org<\/a>.<\/p>\n","protected":false},"excerpt":{"rendered":"<p>A la carretera de Gausac n\u00famero 1 de Vielha s\u2019ubica el coworking de H\u00e8Pic, el centre d\u2019innovaci\u00f3 territorial del Conselh Generau d\u2019Aran, un espai per poder treballar en remot que&#8230;<\/p>\n","protected":false},"author":4,"featured_media":5079,"comment_status":"closed","ping_status":"open","sticky":false,"template":"","format":"standard","meta":{"inline_featured_image":false,"footnotes":""},"categories":[72],"tags":[],"class_list":["post-5081","post","type-post","status-publish","format-standard","has-post-thumbnail","hentry","category-serveis"],"_links":{"self":[{"href":"https:\/\/www.hepic-hub.org\/ca\/wp-json\/wp\/v2\/posts\/5081","targetHints":{"allow":["GET"]}}],"collection":[{"href":"https:\/\/www.hepic-hub.org\/ca\/wp-json\/wp\/v2\/posts"}],"about":[{"href":"https:\/\/www.hepic-hub.org\/ca\/wp-json\/wp\/v2\/types\/post"}],"author":[{"embeddable":true,"href":"https:\/\/www.hepic-hub.org\/ca\/wp-json\/wp\/v2\/users\/4"}],"replies":[{"embeddable":true,"href":"https:\/\/www.hepic-hub.org\/ca\/wp-json\/wp\/v2\/comments?post=5081"}],"version-history":[{"count":1,"href":"https:\/\/www.hepic-hub.org\/ca\/wp-json\/wp\/v2\/posts\/5081\/revisions"}],"predecessor-version":[{"id":5082,"href":"https:\/\/www.hepic-hub.org\/ca\/wp-json\/wp\/v2\/posts\/5081\/revisions\/5082"}],"wp:featuredmedia":[{"embeddable":true,"href":"https:\/\/www.hepic-hub.org\/ca\/wp-json\/wp\/v2\/media\/5079"}],"wp:attachment":[{"href":"https:\/\/www.hepic-hub.org\/ca\/wp-json\/wp\/v2\/media?parent=5081"}],"wp:term":[{"taxonomy":"category","embeddable":true,"href":"https:\/\/www.hepic-hub.org\/ca\/wp-json\/wp\/v2\/categories?post=5081"},{"taxonomy":"post_tag","embeddable":true,"href":"https:\/\/www.hepic-hub.org\/ca\/wp-json\/wp\/v2\/tags?post=5081"}],"curies":[{"name":"wp","href":"https:\/\/api.w.org\/{rel}","templated":true}]}}