{"id":5057,"date":"2024-11-20T09:38:03","date_gmt":"2024-11-20T08:38:03","guid":{"rendered":"https:\/\/www.hepic-hub.org\/?p=5057"},"modified":"2024-12-02T12:34:36","modified_gmt":"2024-12-02T11:34:36","slug":"jornada-cicle-donatic-per-apropar-expertes-en-les-tic-a-la-juventut","status":"publish","type":"post","link":"https:\/\/www.hepic-hub.org\/ca\/2024\/11\/20\/jornada-cicle-donatic-per-apropar-expertes-en-les-tic-a-la-juventut\/","title":{"rendered":"Jornada Cicle DonaTIC per apropar expertes en les TIC a la juventut"},"content":{"rendered":"\n<ul class=\"wp-block-list\">\n<li><strong>Ahir dimecres dia 20 de novembre, va tenir lloc la jornada CicleDonaTIC arreu del Pirineu de manera simult\u00e0nia a l&#8217;Institut de Tremp, l&#8217;Institut Joan Brudieu de la Seu d\u2019Urgell i l&#8217;Institut d&#8217;Aran a Vielha.<\/strong><\/li>\n<\/ul>\n\n\n\n<p>Les ponents han sigut la <strong><em>Rosa Fum\u00e0s, la N\u00faria Pascual i la Lara Iglesias<\/em><\/strong> i  han combinat el <strong>format presencial amb l&#8217;online<\/strong> per tal de que tot l&#8217;alumnat pogu\u00e9s con\u00e8ixer les seves experi\u00e8ncies i desenvolupament de les seves carreres professionals com dones en l&#8217;\u00e0rea de les noves tecnologies. <\/p>\n\n\n\n<p>A l&#8217;Institut d&#8217;Aran, la <em><strong>Lara Iglesias,<\/strong><\/em> <em>CEO de Pirineos Drone Aviation SL<\/em> ha pogut explicar a l&#8217;alumnat de <strong>batxillerat i dels cicles formatius<\/strong> de gesti\u00f3 administrativa i d&#8217;Esports quina ha sigut la seva traject\u00f2ria acad\u00e8mica i laboral per arribar a estar <strong>al capdavant de la primera empresa de drones de l&#8217;Aran.<\/strong><\/p>\n\n\n\n<figure class=\"wp-block-image size-large\"><img fetchpriority=\"high\" decoding=\"async\" width=\"1024\" height=\"769\" src=\"https:\/\/www.hepic-hub.org\/wp-content\/uploads\/2024\/12\/IMG_20241120_113014-1024x769.jpg\" alt=\"\" class=\"wp-image-5061\" srcset=\"https:\/\/www.hepic-hub.org\/wp-content\/uploads\/2024\/12\/IMG_20241120_113014-1024x769.jpg 1024w, https:\/\/www.hepic-hub.org\/wp-content\/uploads\/2024\/12\/IMG_20241120_113014-300x225.jpg 300w, https:\/\/www.hepic-hub.org\/wp-content\/uploads\/2024\/12\/IMG_20241120_113014-768x577.jpg 768w, https:\/\/www.hepic-hub.org\/wp-content\/uploads\/2024\/12\/IMG_20241120_113014-1536x1154.jpg 1536w, https:\/\/www.hepic-hub.org\/wp-content\/uploads\/2024\/12\/IMG_20241120_113014-2048x1538.jpg 2048w, https:\/\/www.hepic-hub.org\/wp-content\/uploads\/2024\/12\/IMG_20241120_113014-1200x901.jpg 1200w, https:\/\/www.hepic-hub.org\/wp-content\/uploads\/2024\/12\/IMG_20241120_113014-1980x1487.jpg 1980w\" sizes=\"(max-width: 1024px) 100vw, 1024px\" \/><\/figure>\n\n\n\n<p>Aquestes jornades s\u2019han organitzat des de <strong>l&#8217;\u00c0rea Digital del Alt Pirineu i Aran <\/strong>de la que H\u00e8Pic forma part, i \u00e9s un projecte impulsat pel <strong>Departament de Pol\u00edtiques Digitals &#8211; TIC Catalunya, la Fundaci\u00f3 i2CAT i Secartys<\/strong> amb l&#8217;objectiu de<strong> promoure les vocacions tecnol\u00f2giques i apropar referents femenines<\/strong> en aquestes \u00e0rees a les noves generacions.<\/p>\n\n\n\n<p><strong>Agrair l&#8217;organitzaci\u00f3 i coordinaci\u00f3<\/strong> de totes les entitats, a la direcci\u00f3 i professorat dels tres instituts i a les dones emprenedores per tal d&#8217;<strong>avan\u00e7ar en aquest canvi de paradigma <\/strong>cap a la innovaci\u00f3 amb m\u00e9s pres\u00e8ncia femenina.<\/p>\n\n\n\n<p>Vielha, 21 de novembre de 2024.<\/p>\n","protected":false},"excerpt":{"rendered":"<p>Les ponents han sigut la Rosa Fum\u00e0s, la N\u00faria Pascual i la Lara Iglesias i han combinat el format presencial amb l&#8217;online per tal de que tot l&#8217;alumnat pogu\u00e9s con\u00e8ixer&#8230;<\/p>\n","protected":false},"author":4,"featured_media":5058,"comment_status":"closed","ping_status":"open","sticky":false,"template":"","format":"standard","meta":{"inline_featured_image":false,"footnotes":""},"categories":[84],"tags":[],"class_list":["post-5057","post","type-post","status-publish","format-standard","has-post-thumbnail","hentry","category-projectes"],"_links":{"self":[{"href":"https:\/\/www.hepic-hub.org\/ca\/wp-json\/wp\/v2\/posts\/5057","targetHints":{"allow":["GET"]}}],"collection":[{"href":"https:\/\/www.hepic-hub.org\/ca\/wp-json\/wp\/v2\/posts"}],"about":[{"href":"https:\/\/www.hepic-hub.org\/ca\/wp-json\/wp\/v2\/types\/post"}],"author":[{"embeddable":true,"href":"https:\/\/www.hepic-hub.org\/ca\/wp-json\/wp\/v2\/users\/4"}],"replies":[{"embeddable":true,"href":"https:\/\/www.hepic-hub.org\/ca\/wp-json\/wp\/v2\/comments?post=5057"}],"version-history":[{"count":2,"href":"https:\/\/www.hepic-hub.org\/ca\/wp-json\/wp\/v2\/posts\/5057\/revisions"}],"predecessor-version":[{"id":5073,"href":"https:\/\/www.hepic-hub.org\/ca\/wp-json\/wp\/v2\/posts\/5057\/revisions\/5073"}],"wp:featuredmedia":[{"embeddable":true,"href":"https:\/\/www.hepic-hub.org\/ca\/wp-json\/wp\/v2\/media\/5058"}],"wp:attachment":[{"href":"https:\/\/www.hepic-hub.org\/ca\/wp-json\/wp\/v2\/media?parent=5057"}],"wp:term":[{"taxonomy":"category","embeddable":true,"href":"https:\/\/www.hepic-hub.org\/ca\/wp-json\/wp\/v2\/categories?post=5057"},{"taxonomy":"post_tag","embeddable":true,"href":"https:\/\/www.hepic-hub.org\/ca\/wp-json\/wp\/v2\/tags?post=5057"}],"curies":[{"name":"wp","href":"https:\/\/api.w.org\/{rel}","templated":true}]}}