{"id":4997,"date":"2024-06-21T11:40:34","date_gmt":"2024-06-21T09:40:34","guid":{"rendered":"https:\/\/www.hepic-hub.org\/?p=4997"},"modified":"2024-11-08T11:43:32","modified_gmt":"2024-11-08T10:43:32","slug":"arriba-el-catalunya-rural-hub-a-la-val-daran-emprenedoria-a-la-muntanya-per-combatre-el-despoblament","status":"publish","type":"post","link":"https:\/\/www.hepic-hub.org\/ca\/2024\/06\/21\/arriba-el-catalunya-rural-hub-a-la-val-daran-emprenedoria-a-la-muntanya-per-combatre-el-despoblament\/","title":{"rendered":"Arriba el \u2018Catalunya Rural Hub\u2019 a la Val d\u2019Aran, emprenedoria a la muntanya per combatre el despoblament"},"content":{"rendered":"\n<ul class=\"wp-block-list\">\n<li><strong>Avui s\u2019han obert les inscripcions web del \u2018Catalunya Rural Hub\u2019 2024 que es realitzar\u00e0 al llarg de 2 setmanes, entre el 14 i el 27 d\u2019octubre, a Vielha.<\/strong><\/li>\n\n\n\n<li><strong>La convocat\u00f2ria est\u00e0 oberta per a 10 persones que treballaran en remot al\u00a0<em>co-working\u00a0<\/em>de H\u00e8PIC,\u00a0<\/strong><strong>el hub d\u2019innovaci\u00f3 del Conselh Generau,\u00a0<\/strong><strong>\u00a0i interactuaran amb el teixit econ\u00f2mic i social d\u2019Aran.<\/strong><\/li>\n<\/ul>\n\n\n\n<p>Aquesta nova edici\u00f3 del\u00a0<a href=\"https:\/\/www.hepic-hub.org\/ca\/catalunya-rural-hub\/\">\u2018Catalunya Rural Hub\u2019<\/a>\u00a0suposa la continuaci\u00f3 del projecte iniciat ara fa tres anys pel Govern de Catalunya, a trav\u00e9s de la Secretaria de Pol\u00edtiques Digitals, i Mobile World Capital Barcelona, que consisteix a atreure professionals de l\u2019\u00e0mbit digital a zones rurals amb <strong>l\u2019objectiu d\u2019afavorir-hi l\u2019arrelament del talent, combatre el despoblament i dinamitzar l\u2019economia d\u2019aquests territoris.<\/strong> El Conselh Generau d\u2019Aran, mitjan\u00e7ant el hub d\u2019innovaci\u00f3 H\u00e8PIC, pren el relleu d\u2019aquesta iniciativa per tal de promoure el teixit productiu i comercial de la nova economia digital als territoris de muntanya.<\/p>\n\n\n\n<p>Segons la s\u00edndica d\u2019Aran, <strong><em>Maria Verg\u00e9s,<\/em><\/strong>\u00a0<em>\u201cel prop\u00f2sit d\u2019aquest projecte \u00e9s convertir la tecnologia en una eina per millorar la igualtat d\u2019oportunitats. \u00c9s un cas pr\u00e0ctic per demostrar que es pot viure en un entorn rural desenvolupant una activitat professional tecnol\u00f2gica. El treball en remot ha fet possible aquesta nova tipologia de treball que, des de la COVID, ja s\u2019ha implantat a moltes empreses.\u201d<\/em><\/p>\n\n\n\n<p><strong>Calendari i obertura d\u2019inscripcions<\/strong><\/p>\n\n\n\n<p>En aquesta edici\u00f3, un total de\u00a0<strong>10 professionals digitals<\/strong>\u00a0tindran la possibilitat de convertir-se en\u00a0<em>remote workers<\/em>\u00a0durant dues setmanes a Vielha (Val d\u2019Aran). <strong>Les inscripcions<\/strong> per poder optar a una d\u2019aquestes places ja estan obertes\u00a0<strong>fins al 31 d\u2019agost. <\/strong>S\u2019hi poden inscriure professionals <strong>aut\u00f2noms, treballadors\/es d\u2019empreses del sector TIC i personal de l\u2019Administraci\u00f3 <\/strong>P\u00fablica.\u00a0 Per a la selecci\u00f3 es tindran en compte criteris com ara el g\u00e8nere (es busca representativitat d\u2019ambd\u00f3s); l\u2019edat (es promou la multiplicitat de perfils en diferents moments vitals); i el col\u00b7lectiu al qual pertanyen (per garantir la varietat de tipologies d\u2019empresa i el rol dels participants en aquestes).<\/p>\n\n\n\n<p>L\u2019estada tindr\u00e0 lloc a Vielha del<strong> 14 al 27 d\u2019octubre.<\/strong>\u00a0Els participants disposaran durant 15 dies, gratu\u00eftament, d\u2019allotjament, d\u2019un espai de\u00a0<em>co-working<\/em>, la participaci\u00f3 al Congr\u00e9s de Ciberseguretat i d\u2019un <strong>programa d\u2019activitats que els permetr\u00e0 descobrir la muntanya i la cultura pr\u00f2pia, les empreses i el teixit econ\u00f2mic i social d\u2019Aran,<\/strong> amb la intenci\u00f3 que hi estableixin relacions personals i professionals.<\/p>\n\n\n\n<p>Els participants tindran al seu abast totes les instal\u00b7lacions disponibles a la zona per poder teletreballar compartint espai al coworking amb persones emprenedores que ja fa dos anys que en formen part. D\u2019altra banda, s\u2019han organitzat trobades amb les principals empreses i iniciatives d\u2019Aran per donar a con\u00e8ixer les oportunitats de negoci del territori i els reptes a superar. Es tracta d\u2019una iniciativa per <strong>promoure l\u2019intercanvi de coneixement per prendre la decisi\u00f3 d\u2019apostar per la vida en l\u2019entorn rural experimentant la millora de la qualitat de vida compatible amb el desenvolupament professional.<\/strong><\/p>\n\n\n\n<p>El programa tamb\u00e9 incorpora nombroses activitats l\u00fadic-esportives i culturals per donar a con\u00e8ixer tot all\u00f2 que el territori pot oferir a m\u00e9s a m\u00e9s de les instal\u00b7lacions i la connectivitat. Tasts gastron\u00f2mics,&nbsp; rutes per descobrir boscos colorits i majestuosos, o projectes innovadors amb intel\u00b7lig\u00e8ncia artificial s\u00f3n nom\u00e9s algunes de les aventures \u00faniques que els coworkers tindran el privilegi d\u2019experimentar.<\/p>\n\n\n\n<p><strong>El prop\u00f2sit d\u2019aquest projecte \u00e9s incentivar que els professionals s\u2019arrelin en entorns rurals per tal de desenvolupar-hi la seva vida personal i professional. <\/strong>En aquesta l\u00ednia, en la valoraci\u00f3 dels participants de les anteriors edicions destaca com a aspecte m\u00e9s valorat el fet de poder treballar envoltats de natura; el 80% dels participants diu que ha millorat el seu rendiment per aquest fet i sobre tot la seva qualitat de vida. El programa es posiciona, segons el 75% dels participants, com a palanca per trencar prejudicis sobre el m\u00f3n rural, com ara que la integraci\u00f3 social \u00e9s complicada, que l\u2019oferta de serveis \u00e9s limitada o que la connectivitat no \u00e9s \u00f2ptima. Tots els participants coincideixen que el programa \u00e9s una <strong>oportunitat \u00fanica per fer una primera valoraci\u00f3 sobre la possibilitat de convertir-se en emprenedors rurals\u00a0rural.<\/strong><\/p>\n\n\n\n<p>Vielha, 21 de juny de 2024<\/p>\n","protected":false},"excerpt":{"rendered":"<p>Aquesta nova edici\u00f3 del\u00a0\u2018Catalunya Rural Hub\u2019\u00a0suposa la continuaci\u00f3 del projecte iniciat ara fa tres anys pel Govern de Catalunya, a trav\u00e9s de la Secretaria de Pol\u00edtiques Digitals, i Mobile World&#8230;<\/p>\n","protected":false},"author":4,"featured_media":3605,"comment_status":"closed","ping_status":"open","sticky":false,"template":"","format":"standard","meta":{"inline_featured_image":false,"footnotes":""},"categories":[75,78,81],"tags":[],"class_list":["post-4997","post","type-post","status-publish","format-standard","has-post-thumbnail","hentry","category-emprendre","category-innovacio","category-profesionals"],"_links":{"self":[{"href":"https:\/\/www.hepic-hub.org\/ca\/wp-json\/wp\/v2\/posts\/4997","targetHints":{"allow":["GET"]}}],"collection":[{"href":"https:\/\/www.hepic-hub.org\/ca\/wp-json\/wp\/v2\/posts"}],"about":[{"href":"https:\/\/www.hepic-hub.org\/ca\/wp-json\/wp\/v2\/types\/post"}],"author":[{"embeddable":true,"href":"https:\/\/www.hepic-hub.org\/ca\/wp-json\/wp\/v2\/users\/4"}],"replies":[{"embeddable":true,"href":"https:\/\/www.hepic-hub.org\/ca\/wp-json\/wp\/v2\/comments?post=4997"}],"version-history":[{"count":1,"href":"https:\/\/www.hepic-hub.org\/ca\/wp-json\/wp\/v2\/posts\/4997\/revisions"}],"predecessor-version":[{"id":4998,"href":"https:\/\/www.hepic-hub.org\/ca\/wp-json\/wp\/v2\/posts\/4997\/revisions\/4998"}],"wp:featuredmedia":[{"embeddable":true,"href":"https:\/\/www.hepic-hub.org\/ca\/wp-json\/wp\/v2\/media\/3605"}],"wp:attachment":[{"href":"https:\/\/www.hepic-hub.org\/ca\/wp-json\/wp\/v2\/media?parent=4997"}],"wp:term":[{"taxonomy":"category","embeddable":true,"href":"https:\/\/www.hepic-hub.org\/ca\/wp-json\/wp\/v2\/categories?post=4997"},{"taxonomy":"post_tag","embeddable":true,"href":"https:\/\/www.hepic-hub.org\/ca\/wp-json\/wp\/v2\/tags?post=4997"}],"curies":[{"name":"wp","href":"https:\/\/api.w.org\/{rel}","templated":true}]}}