{"id":4989,"date":"2024-10-28T11:02:02","date_gmt":"2024-10-28T10:02:02","guid":{"rendered":"https:\/\/www.hepic-hub.org\/?p=4989"},"modified":"2024-11-08T11:16:56","modified_gmt":"2024-11-08T10:16:56","slug":"exit-de-participacio-al-primer-congres-de-ciberseguretat-armari-6-celebrat-a-aran","status":"publish","type":"post","link":"https:\/\/www.hepic-hub.org\/ca\/2024\/10\/28\/exit-de-participacio-al-primer-congres-de-ciberseguretat-armari-6-celebrat-a-aran\/","title":{"rendered":"\u00c8xit de participaci\u00f3 al primer Congr\u00e9s de Ciberseguretat \u201cArmari 6\u201d, celebrat a Aran"},"content":{"rendered":"\n<p><strong>El Conselh Generau d\u2019Aran, a trav\u00e9s de H\u00e8pic, el Centre d\u2019Innovaci\u00f3 Territorial de la Val d\u2019Aran, i amb el suport de l\u2019Ag\u00e8ncia de Ciberseguretat de Catalunya i de la Diputaci\u00f3 de Lleida, ha organitzat el primer Congr\u00e9s de Ciberseguretat Armari 6.<\/strong><\/p>\n\n\n\n<p>Els dies 24 i 25 d\u2019octubre, la Sala l&#8217;Audiovisual de Vielha acollia la primera edici\u00f3 del Congr\u00e9s de Ciberseguretat \u201cArmari 6\u201d, que es va expandir en el marc de <strong>la setmana de la ciberseguretat <\/strong>amb<strong> activitats pr\u00e8vies <\/strong>al congr\u00e9s d\u2019experts dirigides a la<strong> joventut i ciutadania d\u2019Aran, i activitats posteriors,<\/strong> per aquells assistents que van allargar la seva estada fins el cap de setmana.<\/p>\n\n\n\n<p><strong>L&#8217;objectiu<\/strong> d\u2019aquesta primera edici\u00f3 ha estat oferir<strong> solucions efectives <\/strong>als reptes actuals que planteja la ciberseguretat, convocant a <strong>experts de les administracions <\/strong>p\u00fabliques<strong> i del sector privat<\/strong> per compartir aprenentatges i avan\u00e7ar en la <strong>lluita contra els amenaces cibern\u00e8tiques.<\/strong><\/p>\n\n\n\n<figure class=\"wp-block-image size-large\"><img fetchpriority=\"high\" decoding=\"async\" width=\"1024\" height=\"683\" src=\"https:\/\/www.hepic-hub.org\/wp-content\/uploads\/2024\/10\/Ciberseguretat-2-1024x683.jpg\" alt=\"\" class=\"wp-image-4967\" srcset=\"https:\/\/www.hepic-hub.org\/wp-content\/uploads\/2024\/10\/Ciberseguretat-2-1024x683.jpg 1024w, https:\/\/www.hepic-hub.org\/wp-content\/uploads\/2024\/10\/Ciberseguretat-2-300x200.jpg 300w, https:\/\/www.hepic-hub.org\/wp-content\/uploads\/2024\/10\/Ciberseguretat-2-768x512.jpg 768w, https:\/\/www.hepic-hub.org\/wp-content\/uploads\/2024\/10\/Ciberseguretat-2-1536x1024.jpg 1536w, https:\/\/www.hepic-hub.org\/wp-content\/uploads\/2024\/10\/Ciberseguretat-2-2048x1365.jpg 2048w, https:\/\/www.hepic-hub.org\/wp-content\/uploads\/2024\/10\/Ciberseguretat-2-1200x800.jpg 1200w, https:\/\/www.hepic-hub.org\/wp-content\/uploads\/2024\/10\/Ciberseguretat-2-1980x1320.jpg 1980w\" sizes=\"(max-width: 1024px) 100vw, 1024px\" \/><\/figure>\n\n\n\n<p>Al llarg de les dues jornades, els especialistes en la mat\u00e8ria presentaven, a trav\u00e9s de <strong>pon\u00e8ncies i una taula rodona,<\/strong> els seus coneixements, per impulsar el debat i intercanviar experi\u00e8ncies en una primera edici\u00f3 que ha reunit un total <strong>tretze ponents i cent deu assistents.<\/strong><\/p>\n\n\n\n<p>L&#8217;esdeveniment va iniciar amb la benvinguda institucional per part de <strong><em>Juan Antonio Serrano, <\/em><\/strong>alcalde de Vielha i Mijaran , <strong><em>Agust\u00ed Jim\u00e9nez,<\/em><\/strong> vicepresident de la Diputaci\u00f3 de Lleida i diputat de l&#8217;\u00e0rea de noves tecnologies, <strong><em>Paco Boya, <\/em><\/strong>secretari general pel Repte Demogr\u00e0fic, qui va explicar l&#8217;origen hist\u00f2ric de l&#8217;armari de les sis claus que dona nom al congr\u00e9s, i la intervenci\u00f3 de la s\u00edndica d\u2019Aran, <strong><em>Maria Verg\u00e9s,<\/em><\/strong> que va afirmar: <em>\u201cQue aquest congr\u00e9s vol democratitzar les oportunitats dels territoris de muntanya quant a les noves tecnologies i la innovaci\u00f3\u201d<\/em>, i afegia que:<em> \u201cVolem demostrar que som capa\u00e7os de projectar-nos a l&#8217;exterior organitzant esdeveniments d\u2019aquestes caracter\u00edstiques sobre una problem\u00e0tica molt important com la ciberseguretat que afecta tant a les institucions com a les empreses i a la ciutadania\u201d.<\/em><\/p>\n\n\n\n<figure class=\"wp-block-image size-large\"><img decoding=\"async\" width=\"1024\" height=\"683\" src=\"https:\/\/www.hepic-hub.org\/wp-content\/uploads\/2024\/10\/FOA1341-1024x683.jpg\" alt=\"\" class=\"wp-image-4979\" srcset=\"https:\/\/www.hepic-hub.org\/wp-content\/uploads\/2024\/10\/FOA1341-1024x683.jpg 1024w, https:\/\/www.hepic-hub.org\/wp-content\/uploads\/2024\/10\/FOA1341-300x200.jpg 300w, https:\/\/www.hepic-hub.org\/wp-content\/uploads\/2024\/10\/FOA1341-768x512.jpg 768w, https:\/\/www.hepic-hub.org\/wp-content\/uploads\/2024\/10\/FOA1341-1536x1024.jpg 1536w, https:\/\/www.hepic-hub.org\/wp-content\/uploads\/2024\/10\/FOA1341-2048x1365.jpg 2048w, https:\/\/www.hepic-hub.org\/wp-content\/uploads\/2024\/10\/FOA1341-1200x800.jpg 1200w, https:\/\/www.hepic-hub.org\/wp-content\/uploads\/2024\/10\/FOA1341-1980x1320.jpg 1980w\" sizes=\"(max-width: 1024px) 100vw, 1024px\" \/><\/figure>\n\n\n\n<p>Les pon\u00e8ncies es van encetar amb l&#8217;expert en ciberseguretat de l&#8217;empresa Telefonia,<strong><em> Alex Guasch, <\/em><\/strong>que va relacionar l&#8217;automatitzaci\u00f3 del <strong>Centre d&#8217;Operacions de Seguretat (SOC)<\/strong> amb diversos episodis hist\u00f2rics rellevants fent un s\u00edmil d\u2019aquests processos. I per tancar la primera jornada, vam descobrir de la m\u00e0 de <strong><em>Jordi Garcia Castill\u00f3n, <\/em><\/strong>CEO de CyberTECCH com la ciberseguretat s\u2019ha desenvolupat en la nova era de la<strong> intel\u00b7lig\u00e8ncia artificial<\/strong> remarcant la import\u00e0ncia de la conscienciaci\u00f3 sobre aquest nou paradigma.<\/p>\n\n\n\n<p>L&#8217;endem\u00e0, vam obrir la segona jornada del congr\u00e9s parlant de les <strong>tend\u00e8ncies actuals <\/strong>que Sent redefinint la ciberseguretat de la m\u00e0 del gran expert de l\u2019Ag\u00e8ncia de Ciberseguretat de Catalunya, cap de la unitat de donades, <strong><em>Santi Romeu.<\/em><\/strong><\/p>\n\n\n\n<p>Tot seguit, la CEO d\u2019OptimumTIC, <strong><em>Rosa Ortu\u00f1o<\/em><\/strong> va parlar del marc de seguretat que han de complir les administracions p\u00fabliques i totes aquelles empreses que els presten serveis tecnol\u00f2gics i la implementaci\u00f3 i compliment de l&#8217;<strong>Esquema Nacional de Seguretat (ENS).<\/strong><\/p>\n\n\n\n<figure class=\"wp-block-image size-large\"><img decoding=\"async\" width=\"1024\" height=\"683\" src=\"https:\/\/www.hepic-hub.org\/wp-content\/uploads\/2024\/10\/Ciberseguretat-3-1-1024x683.jpeg\" alt=\"\" class=\"wp-image-4970\" srcset=\"https:\/\/www.hepic-hub.org\/wp-content\/uploads\/2024\/10\/Ciberseguretat-3-1-1024x683.jpeg 1024w, https:\/\/www.hepic-hub.org\/wp-content\/uploads\/2024\/10\/Ciberseguretat-3-1-300x200.jpeg 300w, https:\/\/www.hepic-hub.org\/wp-content\/uploads\/2024\/10\/Ciberseguretat-3-1-768x512.jpeg 768w, https:\/\/www.hepic-hub.org\/wp-content\/uploads\/2024\/10\/Ciberseguretat-3-1-1536x1024.jpeg 1536w, https:\/\/www.hepic-hub.org\/wp-content\/uploads\/2024\/10\/Ciberseguretat-3-1-2048x1365.jpeg 2048w, https:\/\/www.hepic-hub.org\/wp-content\/uploads\/2024\/10\/Ciberseguretat-3-1-1200x800.jpeg 1200w, https:\/\/www.hepic-hub.org\/wp-content\/uploads\/2024\/10\/Ciberseguretat-3-1-1980x1320.jpeg 1980w\" sizes=\"(max-width: 1024px) 100vw, 1024px\" \/><\/figure>\n\n\n\n<p>En la mateixa l\u00ednia, la directora de certificacions de l\u2019Ag\u00e8ncia de Ciberseguretat de Catalunya, <strong><em>Helena Rodr\u00edguez<\/em><\/strong> va fer una aproximaci\u00f3 pr\u00e0ctica sobre els principis i requisits dels sistemes d\u2019informaci\u00f3 de l&#8217;administraci\u00f3 p\u00fablica en la <strong>implantaci\u00f3 de l\u2019ENS.<\/strong><\/p>\n\n\n\n<p>Despr\u00e9s d\u2019una breu pausa, va tenir lloc la taula rodona sota el t\u00edtol: Diferents enfocaments per un mateix objectiu: protegir la nostra organitzaci\u00f3, moderada per <strong><em>Ram\u00f3n Arn\u00f3,<\/em><\/strong> CEO de La Fam\u00edlia Digital\u00a0 que va gestionar un interessant i fruct\u00edfer debat entre experts d&#8217;\u00e0rees molt diferents. Amb sis participants, per part de l&#8217;administraci\u00f3 p\u00fablica, <strong><em>Iv\u00e1n Betr\u00e1n,<\/em><\/strong> director del departament de Noves Tecnologies de la Diputaci\u00f3 de Lleida. De l&#8217;\u00e0rea privada, amb la participaci\u00f3 d&#8217;una gran empresa, Repsol, a trav\u00e9s del seu director de Ciberseguretat i Risc tecnol\u00f2gic, <strong><em>Javier Garc\u00eda Quintela.<\/em><\/strong> Juntament amb dues empreses mitjanes, Vunkers amb el seu CEO, <strong><em>Albert Mas<\/em><\/strong> i\u00a0 l&#8217;especialista en el ciberseguretat del Grupo SIRT, <strong><em>Albert Gris. <\/em><\/strong>Tots ells amb empreses del territori amb base tecnol\u00f2gica, Baqueira Beret amb la participaci\u00f3 del seu CIO <strong><em>Jos\u00e9 Luis Sol\u00e9 i d\u2019Eisharc Jaquet<\/em><\/strong>, CEO d\u2019Arantec.\u00a0<\/p>\n\n\n\n<p>El debat es va centrar en dues q\u00fcestions:<strong> com cada expert ha dissenyat en la seva organitzaci\u00f3 tot el que afecta la ciberseguretat i quin s\u00f3n els tres majors reptes relacionats amb la ciberseguretat<\/strong>, compartint punts de vista.<\/p>\n\n\n\n<figure class=\"wp-block-image size-large\"><img loading=\"lazy\" decoding=\"async\" width=\"1024\" height=\"683\" src=\"https:\/\/www.hepic-hub.org\/wp-content\/uploads\/2024\/10\/Ciberseguretat-4-1-1024x683.jpeg\" alt=\"\" class=\"wp-image-4982\" srcset=\"https:\/\/www.hepic-hub.org\/wp-content\/uploads\/2024\/10\/Ciberseguretat-4-1-1024x683.jpeg 1024w, https:\/\/www.hepic-hub.org\/wp-content\/uploads\/2024\/10\/Ciberseguretat-4-1-300x200.jpeg 300w, https:\/\/www.hepic-hub.org\/wp-content\/uploads\/2024\/10\/Ciberseguretat-4-1-768x512.jpeg 768w, https:\/\/www.hepic-hub.org\/wp-content\/uploads\/2024\/10\/Ciberseguretat-4-1-1536x1024.jpeg 1536w, https:\/\/www.hepic-hub.org\/wp-content\/uploads\/2024\/10\/Ciberseguretat-4-1-2048x1365.jpeg 2048w, https:\/\/www.hepic-hub.org\/wp-content\/uploads\/2024\/10\/Ciberseguretat-4-1-1200x800.jpeg 1200w, https:\/\/www.hepic-hub.org\/wp-content\/uploads\/2024\/10\/Ciberseguretat-4-1-1980x1320.jpeg 1980w\" sizes=\"(max-width: 1024px) 100vw, 1024px\" \/><\/figure>\n\n\n\n<p>Tot seguit, <strong><em>Joana Mar\u00ed, <\/em><\/strong>delegada de protecci\u00f3 de donades i responsable de projectes estrat\u00e8gics en l&#8217;Autoritat Catalana de Protecci\u00f3 de Donades de la Generalitat, va fer una introducci\u00f3 al <strong>reglament 2016\/679<\/strong> i va explicar el marc legal dels incidents de ciberseguretat.<\/p>\n\n\n\n<p>La intel\u00b7lig\u00e8ncia artificial va tornar a ser protagonista amb la pon\u00e8ncia de <strong><em>David Company,<\/em><\/strong> enginyer en investigaci\u00f3 i desenvolupament en el ciberseguretat en la Fundaci\u00f3 i2cat que va explicar com aquesta <strong>intel\u00b7lig\u00e8ncia serveix tant als ciberatacants com als ciberdefensors.<\/strong><\/p>\n\n\n\n<p>A m\u00e9s, d\u2019una manera molt estructurada i pr\u00e0ctica, <strong><em>Ra\u00fcl Roca,<\/em><\/strong> CEO de Grail Cyber Tech va narrar la <strong>gesti\u00f3, an\u00e0lisi i resposta d&#8217;un ciberatac <\/strong>en un hotel fictici per valorar el pla de resposta, patrons i lli\u00e7ons apreses.<\/p>\n\n\n\n<p>El congr\u00e9s va finalitzar amb el cap de conscienciaci\u00f3 i investigaci\u00f3 d\u2019ESET, <strong><em>Josep Albors<\/em><\/strong> que va descriure amb gran claredat les <strong>t\u00e8cniques que utilitzen els delinq\u00fcents:<\/strong> com ataquen, que fan una vegada entren en el sistema, quin \u00e9s el seu objectiu i les conseq\u00fc\u00e8ncies per l&#8217;empresa, per passar a establir les possibles solucions per aplicar.<\/p>\n\n\n\n<p>Finalment, la clausura de l&#8217;esdeveniment va ser realitzada pels caps d&#8217;innovaci\u00f3 del Conselh Generau d&#8217;Aran:<strong><em> Guillem Piris i Sergio L\u00f3pez<\/em><\/strong>, i per tancar l&#8217;acte, el conselh\u00e8r d&#8217;Innovaci\u00f3, <strong><em>Oriol Sala,<\/em><\/strong> va donar els agra\u00efments als ponents, a l&#8217;organitzaci\u00f3 i als assistents.<\/p>\n\n\n\n<p>Un cop acabat el programa oficial del congr\u00e9s, s\u2019han fet activitats durant el cap de setmana amb la presentaci\u00f3 del projecte innovador GUARDA+ amb tecnologia de realitat augmentada i visites per diversos indrets emblem\u00e0tics de la Val d\u2019Aran com l&#8217;Artiga de Lin.<\/p>\n\n\n\n<p>Vielha, 28 d\u2019octubre de 2024<\/p>\n","protected":false},"excerpt":{"rendered":"<p>El Conselh Generau d\u2019Aran, a trav\u00e9s de H\u00e8pic, el Centre d\u2019Innovaci\u00f3 Territorial de la Val d\u2019Aran, i amb el suport de l\u2019Ag\u00e8ncia de Ciberseguretat de Catalunya i de la Diputaci\u00f3&#8230;<\/p>\n","protected":false},"author":4,"featured_media":4976,"comment_status":"closed","ping_status":"open","sticky":false,"template":"","format":"standard","meta":{"inline_featured_image":false,"footnotes":""},"categories":[78,81,84],"tags":[],"class_list":["post-4989","post","type-post","status-publish","format-standard","has-post-thumbnail","hentry","category-innovacio","category-profesionals","category-projectes"],"_links":{"self":[{"href":"https:\/\/www.hepic-hub.org\/ca\/wp-json\/wp\/v2\/posts\/4989","targetHints":{"allow":["GET"]}}],"collection":[{"href":"https:\/\/www.hepic-hub.org\/ca\/wp-json\/wp\/v2\/posts"}],"about":[{"href":"https:\/\/www.hepic-hub.org\/ca\/wp-json\/wp\/v2\/types\/post"}],"author":[{"embeddable":true,"href":"https:\/\/www.hepic-hub.org\/ca\/wp-json\/wp\/v2\/users\/4"}],"replies":[{"embeddable":true,"href":"https:\/\/www.hepic-hub.org\/ca\/wp-json\/wp\/v2\/comments?post=4989"}],"version-history":[{"count":1,"href":"https:\/\/www.hepic-hub.org\/ca\/wp-json\/wp\/v2\/posts\/4989\/revisions"}],"predecessor-version":[{"id":4990,"href":"https:\/\/www.hepic-hub.org\/ca\/wp-json\/wp\/v2\/posts\/4989\/revisions\/4990"}],"wp:featuredmedia":[{"embeddable":true,"href":"https:\/\/www.hepic-hub.org\/ca\/wp-json\/wp\/v2\/media\/4976"}],"wp:attachment":[{"href":"https:\/\/www.hepic-hub.org\/ca\/wp-json\/wp\/v2\/media?parent=4989"}],"wp:term":[{"taxonomy":"category","embeddable":true,"href":"https:\/\/www.hepic-hub.org\/ca\/wp-json\/wp\/v2\/categories?post=4989"},{"taxonomy":"post_tag","embeddable":true,"href":"https:\/\/www.hepic-hub.org\/ca\/wp-json\/wp\/v2\/tags?post=4989"}],"curies":[{"name":"wp","href":"https:\/\/api.w.org\/{rel}","templated":true}]}}