{"id":4779,"date":"2024-10-03T16:35:27","date_gmt":"2024-10-03T14:35:27","guid":{"rendered":"https:\/\/www.hepic-hub.org\/?p=4779"},"modified":"2024-10-03T16:42:34","modified_gmt":"2024-10-03T14:42:34","slug":"guarda-apropa-la-natura-i-la-cultura-de-la-val-daran-amb-experiencies-immersives-i-realitat-augmentada","status":"publish","type":"post","link":"https:\/\/www.hepic-hub.org\/ca\/2024\/10\/03\/guarda-apropa-la-natura-i-la-cultura-de-la-val-daran-amb-experiencies-immersives-i-realitat-augmentada\/","title":{"rendered":"Guarda+ apropa la natura i la cultura de la Val d\u2019Aran amb experi\u00e8ncies immersives i realitat augmentada"},"content":{"rendered":"\t\t<div data-elementor-type=\"wp-post\" data-elementor-id=\"4779\" class=\"elementor elementor-4779 elementor-4753\" data-elementor-post-type=\"post\">\n\t\t\t\t\t\t<section class=\"has_eae_slider elementor-section elementor-top-section elementor-element elementor-element-7449e38a elementor-section-boxed elementor-section-height-default elementor-section-height-default\" data-eae-slider=\"19266\" data-id=\"7449e38a\" data-element_type=\"section\" data-e-type=\"section\">\n\t\t\t\t\t\t<div class=\"elementor-container elementor-column-gap-default\">\n\t\t\t\t\t<div class=\"has_eae_slider elementor-column elementor-col-100 elementor-top-column elementor-element elementor-element-13d928cd\" data-eae-slider=\"3761\" data-id=\"13d928cd\" data-element_type=\"column\" data-e-type=\"column\">\n\t\t\t<div class=\"elementor-widget-wrap elementor-element-populated\">\n\t\t\t\t\t\t<div class=\"elementor-element elementor-element-5de87d48 elementor-widget elementor-widget-text-editor\" data-id=\"5de87d48\" data-element_type=\"widget\" data-e-type=\"widget\" data-widget_type=\"text-editor.default\">\n\t\t\t\t<div class=\"elementor-widget-container\">\n\t\t\t\t\t\t\t\t\t<p><span style=\"font-weight: bold; letter-spacing: -0.27px; color: var( --e-global-color-text ); font-size: 1.8rem;\">\u2022<\/span><span style=\"font-weight: bold; letter-spacing: -0.27px; color: var( --e-global-color-text ); font-size: 1.8rem;\">\u00a0\u00a0<\/span><strong style=\"font-size: inherit; color: var( --e-global-color-text ); font-family: Raleway, sans-serif; letter-spacing: -0.015em;\">Aquest projecte pilot facilita a qualsevol persona gaudir de manera interactiva de la natura i la cultura de la Val d&#8217;Aran sobre el terreny i tamb\u00e9 des de la dist\u00e0ncia<\/strong><\/p><p style=\"text-align: left;\"><span style=\"font-weight: bold; letter-spacing: -0.27px; color: var( --e-global-color-text ); font-size: 1.8rem;\">\u2022<\/span><span style=\"font-weight: bold; letter-spacing: -0.27px; color: var( --e-global-color-text ); font-size: 1.8rem;\">\u00a0<\/span><strong>Ofereix informaci\u00f3 sobre rutes, monuments, condicions clim\u00e0tiques i altres dades d&#8217;inter\u00e8s, tant a trav\u00e9s d&#8217;una app com d&#8217;una web espec\u00edfica i ulleres de ralitat virtual.<\/strong><\/p><p style=\"text-align: left;\"><span style=\"font-weight: bold; letter-spacing: -0.27px; color: var( --e-global-color-text ); font-size: 1.8rem;\">\u2022<\/span><span style=\"font-weight: bold; letter-spacing: -0.27px; color: var( --e-global-color-text ); font-size: 1.8rem;\">\u00a0<\/span><strong>S&#8217;emmarca dins l&#8217;\u00c0rea Digital de l&#8217;Aran i forma part del projecte \u00c0rees Digitals de la Generalitat de Catalunya, Mobile World Capital Barcelona i la Fundaci\u00f3 i2CAT.<\/strong><\/p><p style=\"text-align: left;\">Hoy se ha presentado el <strong>proyecto piloto Guarda+<\/strong>, que usa <strong>experiencias inmersivas<\/strong>, realidad virtual y aumentada, as\u00ed como, sensores meteorol\u00f3gicos para facilitar a cualquier persona<strong> disfrutar de la naturaleza y la cultura de la Val d&#8217;Aran<\/strong> sobre el terreno y a distancia.<\/p><p style=\"text-align: left;\">Este proyecto ha desarrollado una soluci\u00f3n pionera con tecnolog\u00eda 5G, orientada a reducir la brecha digital en zonas rurales y enriquecer la experiencia tur\u00edstica y de senderismo en la Val d&#8217;Aran. <strong>Guarda+ ofrece informaci\u00f3n a tiempo real sobre rutas, condiciones meteorol\u00f3gicas y otros datos de inter\u00e9s a trav\u00e9s de una aplicaci\u00f3n m\u00f3vil y una p\u00e1gina web espec\u00edfica.<\/strong> Adem\u00e1s, este verano, el Museo de la Val d&#8217;Aran ha ofrecido una experiencia inmersiva con gafas de realidad virtual, acercando todav\u00eda m\u00e1s la tecnolog\u00eda a la cultura local.<\/p><p style=\"text-align: left;\">El acto de presentaci\u00f3n, que ha tenido lugar al\u00a0Conselh\u00a0Generau d&#8217;Aran, ha contado con la presencia de <strong>Xavier Flores<\/strong>, coordinador de la Estrategia \u00c1reas Digitales de la Secretar\u00eda de Pol\u00edticas Digitales de la Generalitat de Catalu\u00f1a;<strong> Eduard Mart\u00edn<\/strong>, CIO de\u00a0Mobile\u00a0World\u00a0Capital Barcelona; <strong>Rosa\u00a0Paradell<\/strong>, directora de Innovaci\u00f3n del Sector P\u00fablico de la Fundaci\u00f3n\u00a0i2CAT; <strong>Maria Verg\u00e9s,<\/strong> s\u00edndica del\u00a0Conselh\u00a0Generau d&#8217;Aran; <strong>Eva\u00a0Fiter<\/strong>, directora del Instituto para el Desarrollo y la Promoci\u00f3n del Alto Pirineo y Aran (IDAPA)\u00a0y\u00a0<strong>Eisharc\u00a0Jaquet<\/strong>,\u00a0CEO\u00a0de\u00a0Arantec, la empresa que ha desarrollado la aplicaci\u00f3n.<\/p><p style=\"text-align: left;\">El proyecto piloto <em>\u00c1rea Digital Aran: Senderismo, cultura y tecnolog\u00eda<\/em> tiene un potente impacto en la reducci\u00f3n de la brecha digital en zonas rurales, como la Val d&#8217;Aran, a trav\u00e9s de varias v\u00edas: accesibilidad en tecnolog\u00edas avanzadas, fomento de la inclusi\u00f3n digital, educaci\u00f3n y concienciaci\u00f3n y <strong>promoci\u00f3n de la econom\u00eda local y mejora de servicios p\u00fablicos.<\/strong><\/p><p style=\"text-align: left;\">El proyecto piloto Guarda+ se enmarca dentro del <strong>\u00c1rea Digital Aran,<\/strong> impulsada por actores locales como el\u00a0<strong>Conselh\u00a0Generau d&#8217;Aran, el Instituto para el Desarrollo y la Promoci\u00f3n del Alto Pirineo y Aran (IDAPA), la Diputaci\u00f3n de Lleida, la C\u00e1mara de Comercio de Lleida y el\u00a0partner\u00a0tecnol\u00f3gico del proyecto\u00a0Arantec.<\/strong><\/p><p style=\"text-align: left;\">Esta iniciativa forma parte del proyecto \u00c1reas Digitales, impulsado pera <strong>Generalitat de Catalunya,\u00a0Mobile\u00a0World\u00a0Capital Barcelona y la Fundaci\u00f3n\u00a0i2CAT<\/strong>, que tiene por objetivo fomentar el ecosistema y las estrategias de aplicaci\u00f3n de Tecnolog\u00edas Digitales Avanzadas (TDA)\u00a0en todo el territorio. El proyecto se articula alrededor de una <strong>metodolog\u00eda basada en la colaboraci\u00f3n entre actores<\/strong> y comunidades de la cu\u00e1druple h\u00e9lice (ciudadan\u00eda, empresa, administraci\u00f3n p\u00fablica y centros de investigaci\u00f3n o universidades) para generar nuevos proyectos e <strong>inversi\u00f3n en investigaci\u00f3n y desarrollo<\/strong> en todo Catalu\u00f1a.<\/p><p style=\"text-align: left;\">A trav\u00e9s de Guarda+,<strong> cualquier persona con un dispositivo electr\u00f3nico conectado a Internet puede realizar visitas interactivas a puntos de inter\u00e9s cultural de la Val d&#8217;Aran,<\/strong> con informaci\u00f3n sobre la historia y las curiosidades de la zona. La plataforma tambi\u00e9n facilita el acceso a informaci\u00f3n meteorol\u00f3gica en tiempo real que mejora la seguridad durante las actividades de monta\u00f1a, a trav\u00e9s de la conexi\u00f3n con sensores colocados estrat\u00e9gicamente en el territorio.<\/p><p style=\"text-align: left;\">Mediante el uso de realidad aumentada y virtual, los usuarios pueden explorar<strong> rutas de monta\u00f1a, monumentos y escenarios hist\u00f3ricos de manera interactiva y enriquecedora.<\/strong> Las experiencias inmersivas disponibles incluyen el Mirador\u00a0de Beret, rutas de senderismo y bicicleta, el Camino de la Bruja de Tred\u00f2s, el <em>Cast\u00e8th-Leon<\/em>, el Museo de la Nieve y varias iglesias.<\/p><p style=\"text-align: left;\">Todo el proyecto se ha desarrollado siguiendo los principios de dise\u00f1o inclusivo, garantizando que la soluci\u00f3n sea accesible y f\u00e1cil de utilizar para todo el mundo, independientemente de su nivel de familiaridad con la tecnolog\u00eda. Este enfoque refuerza el objetivo del proyecto de ser una <strong>herramienta inclusiva y abierta para todos los amantes del senderismo y la cultura.<\/strong><\/p><p style=\"text-align: left;\"><strong>\u00a0<\/strong><\/p><p style=\"text-align: left;\"><strong>\u00a0<\/strong><\/p><p style=\"text-align: left;\">\u00a0<\/p>\t\t\t\t\t\t\t\t<\/div>\n\t\t\t\t<\/div>\n\t\t\t\t<div class=\"elementor-element elementor-element-c069aca elementor-widget elementor-widget-image\" data-id=\"c069aca\" data-element_type=\"widget\" data-e-type=\"widget\" data-widget_type=\"image.default\">\n\t\t\t\t<div class=\"elementor-widget-container\">\n\t\t\t\t\t\t\t\t\t\t\t\t\t\t\t<img fetchpriority=\"high\" decoding=\"async\" width=\"580\" height=\"142\" src=\"https:\/\/www.hepic-hub.org\/wp-content\/uploads\/2024\/10\/GUARDA-Logos_Mesa-de-trabajo-1-2-1024x250.jpg\" class=\"attachment-large size-large wp-image-4774\" alt=\"\" srcset=\"https:\/\/www.hepic-hub.org\/wp-content\/uploads\/2024\/10\/GUARDA-Logos_Mesa-de-trabajo-1-2-1024x250.jpg 1024w, https:\/\/www.hepic-hub.org\/wp-content\/uploads\/2024\/10\/GUARDA-Logos_Mesa-de-trabajo-1-2-300x73.jpg 300w, https:\/\/www.hepic-hub.org\/wp-content\/uploads\/2024\/10\/GUARDA-Logos_Mesa-de-trabajo-1-2-768x187.jpg 768w, https:\/\/www.hepic-hub.org\/wp-content\/uploads\/2024\/10\/GUARDA-Logos_Mesa-de-trabajo-1-2-1536x374.jpg 1536w, https:\/\/www.hepic-hub.org\/wp-content\/uploads\/2024\/10\/GUARDA-Logos_Mesa-de-trabajo-1-2-1200x293.jpg 1200w, https:\/\/www.hepic-hub.org\/wp-content\/uploads\/2024\/10\/GUARDA-Logos_Mesa-de-trabajo-1-2.jpg 1920w\" sizes=\"(max-width: 580px) 100vw, 580px\" \/>\t\t\t\t\t\t\t\t\t\t\t\t\t\t\t<\/div>\n\t\t\t\t<\/div>\n\t\t\t\t\t<\/div>\n\t\t<\/div>\n\t\t\t\t\t<\/div>\n\t\t<\/section>\n\t\t\t\t<\/div>\n\t\t","protected":false},"excerpt":{"rendered":"<p>\u2022\u00a0\u00a0Aquest projecte pilot facilita a qualsevol persona gaudir de manera interactiva de la natura i la cultura de la Val d&#8217;Aran sobre el terreny i tamb\u00e9 des de la dist\u00e0ncia&#8230;<\/p>\n","protected":false},"author":4,"featured_media":4758,"comment_status":"closed","ping_status":"open","sticky":false,"template":"","format":"standard","meta":{"inline_featured_image":false,"footnotes":""},"categories":[84],"tags":[],"class_list":["post-4779","post","type-post","status-publish","format-standard","has-post-thumbnail","hentry","category-projectes"],"_links":{"self":[{"href":"https:\/\/www.hepic-hub.org\/ca\/wp-json\/wp\/v2\/posts\/4779","targetHints":{"allow":["GET"]}}],"collection":[{"href":"https:\/\/www.hepic-hub.org\/ca\/wp-json\/wp\/v2\/posts"}],"about":[{"href":"https:\/\/www.hepic-hub.org\/ca\/wp-json\/wp\/v2\/types\/post"}],"author":[{"embeddable":true,"href":"https:\/\/www.hepic-hub.org\/ca\/wp-json\/wp\/v2\/users\/4"}],"replies":[{"embeddable":true,"href":"https:\/\/www.hepic-hub.org\/ca\/wp-json\/wp\/v2\/comments?post=4779"}],"version-history":[{"count":10,"href":"https:\/\/www.hepic-hub.org\/ca\/wp-json\/wp\/v2\/posts\/4779\/revisions"}],"predecessor-version":[{"id":4789,"href":"https:\/\/www.hepic-hub.org\/ca\/wp-json\/wp\/v2\/posts\/4779\/revisions\/4789"}],"wp:featuredmedia":[{"embeddable":true,"href":"https:\/\/www.hepic-hub.org\/ca\/wp-json\/wp\/v2\/media\/4758"}],"wp:attachment":[{"href":"https:\/\/www.hepic-hub.org\/ca\/wp-json\/wp\/v2\/media?parent=4779"}],"wp:term":[{"taxonomy":"category","embeddable":true,"href":"https:\/\/www.hepic-hub.org\/ca\/wp-json\/wp\/v2\/categories?post=4779"},{"taxonomy":"post_tag","embeddable":true,"href":"https:\/\/www.hepic-hub.org\/ca\/wp-json\/wp\/v2\/tags?post=4779"}],"curies":[{"name":"wp","href":"https:\/\/api.w.org\/{rel}","templated":true}]}}