{"id":3715,"date":"2024-07-31T13:20:58","date_gmt":"2024-07-31T11:20:58","guid":{"rendered":"https:\/\/www.hepic-hub.org\/?p=3715"},"modified":"2024-08-26T14:17:32","modified_gmt":"2024-08-26T12:17:32","slug":"primer-curso-en-aran-de-inteligencia-artificial","status":"publish","type":"post","link":"https:\/\/www.hepic-hub.org\/ca\/2024\/07\/31\/primer-curso-en-aran-de-inteligencia-artificial\/","title":{"rendered":"Primer curs en Aran d&#8217;intel\u00b7lig\u00e8ncia artificial"},"content":{"rendered":"\n<p>\ud83e\udd16A trav\u00e9s del hub d&#8217;innovaci\u00f3\u00a0H\u00e8PIC, del Conselh Generau d&#8217;Aran i la Cambra de Comer\u00e7 de Lleida, hem organitzat el primer curs d&#8217;eines professionals d&#8217;intel\u00b7lig\u00e8ncia artificial a la Vall d&#8217;Aran.<\/p>\n\n\n\n<p>Aquesta nova formaci\u00f3\u00a0la\u00a0impartir\u00e0 en format presencial l&#8217;<strong>empresa\u00a0DiiP<\/strong>, fundada per dos joves aranesos experts en la mat\u00e8ria, Jos\u00e9 Sol\u00e0\u00a0i\u00a0David Santana.<\/p>\n\n\n\n<p>\ud83d\udcc6Aquest curs comen\u00e7ar\u00e0 el 18 de setembre i durar\u00e0 fins al 27 de novembre, realitzant-se tots els dimecres de 16 a 19 h de la tarda, sumant un total de 300 hores. L&#8217;ubicaci\u00f3 on es dur\u00e0 a terme ser\u00e0 l&#8217;Aula de Formaci\u00f3 del Conselh Generau d&#8217;Aran que es troba a la Ctra. de Gausac, 1, baixos de Vielha.<\/p>\n\n\n\n<p>Amb coneixements b\u00e0sics i molt pr\u00e0ctics d&#8217;intel\u00b7lig\u00e8ncia artificial, aquesta formaci\u00f3 gratu\u00efta i oberta a tots els p\u00fablics, te com a objectiu acostar aquesta innovadora eina\u00a0tecnol\u00f2gica\u00a0per a fer-la accessible i \u00fatil en la seva aplicaci\u00f3 en l&#8217;\u00e0mbit professional.<\/p>\n\n\n\n<p>Les places s\u00f3n limitades i per a inscriure&#8217;s \u00e9s necessari enviar un correu a: <strong>infohepic@aran.org,<\/strong> indicant el nom complet i tel\u00e8fon de\u00a0contacte.<\/p>\n","protected":false},"excerpt":{"rendered":"<p>\ud83e\udd16A trav\u00e9s del hub d&#8217;innovaci\u00f3\u00a0H\u00e8PIC, del Conselh Generau d&#8217;Aran i la Cambra de Comer\u00e7 de Lleida, hem organitzat el primer curs d&#8217;eines professionals d&#8217;intel\u00b7lig\u00e8ncia artificial a la Vall d&#8217;Aran. Aquesta&#8230;<\/p>\n","protected":false},"author":4,"featured_media":3720,"comment_status":"closed","ping_status":"open","sticky":false,"template":"","format":"standard","meta":{"inline_featured_image":false,"footnotes":""},"categories":[77],"tags":[],"class_list":["post-3715","post","type-post","status-publish","format-standard","has-post-thumbnail","hentry","category-innovacion"],"_links":{"self":[{"href":"https:\/\/www.hepic-hub.org\/ca\/wp-json\/wp\/v2\/posts\/3715","targetHints":{"allow":["GET"]}}],"collection":[{"href":"https:\/\/www.hepic-hub.org\/ca\/wp-json\/wp\/v2\/posts"}],"about":[{"href":"https:\/\/www.hepic-hub.org\/ca\/wp-json\/wp\/v2\/types\/post"}],"author":[{"embeddable":true,"href":"https:\/\/www.hepic-hub.org\/ca\/wp-json\/wp\/v2\/users\/4"}],"replies":[{"embeddable":true,"href":"https:\/\/www.hepic-hub.org\/ca\/wp-json\/wp\/v2\/comments?post=3715"}],"version-history":[{"count":3,"href":"https:\/\/www.hepic-hub.org\/ca\/wp-json\/wp\/v2\/posts\/3715\/revisions"}],"predecessor-version":[{"id":3725,"href":"https:\/\/www.hepic-hub.org\/ca\/wp-json\/wp\/v2\/posts\/3715\/revisions\/3725"}],"wp:featuredmedia":[{"embeddable":true,"href":"https:\/\/www.hepic-hub.org\/ca\/wp-json\/wp\/v2\/media\/3720"}],"wp:attachment":[{"href":"https:\/\/www.hepic-hub.org\/ca\/wp-json\/wp\/v2\/media?parent=3715"}],"wp:term":[{"taxonomy":"category","embeddable":true,"href":"https:\/\/www.hepic-hub.org\/ca\/wp-json\/wp\/v2\/categories?post=3715"},{"taxonomy":"post_tag","embeddable":true,"href":"https:\/\/www.hepic-hub.org\/ca\/wp-json\/wp\/v2\/tags?post=3715"}],"curies":[{"name":"wp","href":"https:\/\/api.w.org\/{rel}","templated":true}]}}