{"id":3248,"date":"2024-07-25T14:46:49","date_gmt":"2024-07-25T12:46:49","guid":{"rendered":"https:\/\/www.hepic-hub.org\/?p=3248"},"modified":"2024-08-26T14:34:09","modified_gmt":"2024-08-26T12:34:09","slug":"visites-per-aran-damb-lunetes-de-realitat-aumentada","status":"publish","type":"post","link":"https:\/\/www.hepic-hub.org\/ca\/2024\/07\/25\/visites-per-aran-damb-lunetes-de-realitat-aumentada\/","title":{"rendered":"Visites virtuals amb ulleres de realitat augmentada"},"content":{"rendered":"\n<p><strong>\ud83d\ude0eA partir d&#8217;avui, dijous 25 de juliol, al Museu de la\u00a0Val d&#8217;Aran\u00a0hi haur\u00e0\u00a04 ulleres de realitat augmentada amb tecnologia desenvolupada per l&#8217;empresa aranesa\u00a0Arantec, amb la qual podreu visitar indrets emblem\u00e0tics d&#8217;Aran i obtenir dades meteorol\u00f2giques del nostre territori.<\/strong><\/p>\n\n\n\n<p>D&#8217;avui fins al dijous 29 d&#8217;agost, de 10 a 11 hores, un\/a t\u00e8cnic\/a del Conselh Generau d&#8217;Aran orientar\u00e0 als visitants interessats&nbsp;a&nbsp;gaudir d&#8217;aquesta innovadora visita, explicant el&nbsp;mode&nbsp;d&#8217;\u00fas de les ulleres i facilitant les&nbsp;instruccions&nbsp;necess\u00e0ries per&nbsp;familiaritzar-se&nbsp;amb la tecnologia desenvolupada i viure una experi\u00e8ncia sorprenent.<\/p>\n\n\n\n<p>Els objectius d&#8217;aquest projecte&nbsp;s\u00f3n, per un costat, generar nous formats de visita i descobrir el nostre territori&nbsp;en l&#8217;\u00e0mbit natural, meteorol\u00f2gic i cultural, i per l&#8217;altre, obtenir dades de les primeres impressions i sensacions dels usuaris\/es d&#8217;aquestes ulleres per poder implementar millores en l&#8217;experi\u00e8ncia i perfeccionar la tecnologia per aconseguir resultats cada vegada m\u00e9s realistes.<\/p>\n\n\n\n<p>\ud83d\udd76\ufe0fAquesta prova pilot ha sigut desenvolupada per l&#8217;empresa&nbsp;Arantec&nbsp;gr\u00e0cies a la iniciativa i suport del departament d&#8217;innovaci\u00f3 del Conselh Generau d&#8217;Aran a trav\u00e9s d&#8217;una subvenci\u00f3 per&nbsp;finan\u00e7ar&nbsp;projectes&nbsp;d&#8217;innovadors del Ministeri de Transici\u00f3&nbsp;Ecol\u00f2gica&nbsp;i el Repte Demogr\u00e0fic. A m\u00e9s a m\u00e9s, aquest&nbsp;projecte&nbsp;est\u00e0&nbsp;emmarcat&nbsp;dins l&#8217;estrat\u00e8gia de les \u00c0rees Digitals promoguda per la Generalitat de Catalunya, el Mobile World Capital Barcelona i la Fundaci\u00f3&nbsp;i2CAT.<\/p>\n","protected":false},"excerpt":{"rendered":"<p>\ud83d\ude0eA partir d&#8217;avui, dijous 25 de juliol, al Museu de la\u00a0Val d&#8217;Aran\u00a0hi haur\u00e0\u00a04 ulleres de realitat augmentada amb tecnologia desenvolupada per l&#8217;empresa aranesa\u00a0Arantec, amb la qual podreu visitar indrets emblem\u00e0tics&#8230;<\/p>\n","protected":false},"author":4,"featured_media":3252,"comment_status":"closed","ping_status":"open","sticky":false,"template":"","format":"standard","meta":{"inline_featured_image":false,"footnotes":""},"categories":[78],"tags":[],"class_list":["post-3248","post","type-post","status-publish","format-standard","has-post-thumbnail","hentry","category-innovacio"],"_links":{"self":[{"href":"https:\/\/www.hepic-hub.org\/ca\/wp-json\/wp\/v2\/posts\/3248","targetHints":{"allow":["GET"]}}],"collection":[{"href":"https:\/\/www.hepic-hub.org\/ca\/wp-json\/wp\/v2\/posts"}],"about":[{"href":"https:\/\/www.hepic-hub.org\/ca\/wp-json\/wp\/v2\/types\/post"}],"author":[{"embeddable":true,"href":"https:\/\/www.hepic-hub.org\/ca\/wp-json\/wp\/v2\/users\/4"}],"replies":[{"embeddable":true,"href":"https:\/\/www.hepic-hub.org\/ca\/wp-json\/wp\/v2\/comments?post=3248"}],"version-history":[{"count":5,"href":"https:\/\/www.hepic-hub.org\/ca\/wp-json\/wp\/v2\/posts\/3248\/revisions"}],"predecessor-version":[{"id":3731,"href":"https:\/\/www.hepic-hub.org\/ca\/wp-json\/wp\/v2\/posts\/3248\/revisions\/3731"}],"wp:featuredmedia":[{"embeddable":true,"href":"https:\/\/www.hepic-hub.org\/ca\/wp-json\/wp\/v2\/media\/3252"}],"wp:attachment":[{"href":"https:\/\/www.hepic-hub.org\/ca\/wp-json\/wp\/v2\/media?parent=3248"}],"wp:term":[{"taxonomy":"category","embeddable":true,"href":"https:\/\/www.hepic-hub.org\/ca\/wp-json\/wp\/v2\/categories?post=3248"},{"taxonomy":"post_tag","embeddable":true,"href":"https:\/\/www.hepic-hub.org\/ca\/wp-json\/wp\/v2\/tags?post=3248"}],"curies":[{"name":"wp","href":"https:\/\/api.w.org\/{rel}","templated":true}]}}