{"id":3226,"date":"2024-07-10T13:07:06","date_gmt":"2024-07-10T11:07:06","guid":{"rendered":"https:\/\/www.hepic-hub.org\/?p=3226"},"modified":"2024-07-10T13:07:09","modified_gmt":"2024-07-10T11:07:09","slug":"participacio-daran-en-la-ii-jornada-darees-digitals","status":"publish","type":"post","link":"https:\/\/www.hepic-hub.org\/ca\/2024\/07\/10\/participacio-daran-en-la-ii-jornada-darees-digitals\/","title":{"rendered":"Participaci\u00f3 d&#8217;Aran en la II Jornada d&#8217;\u00c0rees Digitals"},"content":{"rendered":"\n<p><strong>Ahir, el cap Sistemes d\u2019Informaci\u00f3 Integrada del Conselh Generau d\u2019Aran, Sergio L\u00f3pez, va participar en la segona Trobada d\u2019\u00c0rees Digitals de Catalunya al Parc Agrobiotech de Lleida, organitzada pel i2cat juntament amb la Direcci\u00f3 General de Societat Digital de la Generalitat de Catalunya.<\/strong><\/p>\n\n\n\n<p>\ud83d\udcf2Despr\u00e9s de la benvinguda institucional, cada \u00e0rea va exposar els projectes i pilots digitals empresos en el seu territori, compartint experi\u00e8ncies i reptes.<\/p>\n\n\n\n<p>\ud83d\ude9c\ud83d\udda8\ufe0fDe la m\u00e0 d\u2019OPP Group vam con\u00e8ixer la log\u00edstica tecnol\u00f2gica i innovadora aplicada al benestar animal, i en acabat, les empreses Invelontech i Intech3d van mostrar les novetats en Realitat Virtual, Augmentada i Mixta, solucions d\u2019impressi\u00f3 i escaneig 3D i fabricaci\u00f3 additiva.<\/p>\n\n\n\n<p>\u2699\ufe0fTamb\u00e9, Eurecat va guiar als visitants pel seu laboratori industrial per ensenyar els projectes pioners de maquin\u00e0ria agr\u00edcola i industrial.<\/p>\n\n\n\n<p>\ud83c\udf50Finalment, es va visitar el Fruitcentre del IRTA en tot descobrir el laboratori d&#8217;I+D, les cambres de refrigeraci\u00f3 i testeig de productes agr\u00edcoles, les l\u00ednies de processament industrial de la fruita de 3a i 4a gamma (selecci\u00f3 i envasat) i ja en el seu \u00faltim estadi, amb innovaci\u00f3 en processament d\u2019aliments de 5a gamma, preparats pel seu consum directe. La jornada va acabar amb una explicaci\u00f3 els sistemes de reg per la seva major efici\u00e8ncia de l\u2019aigua a trav\u00e9s de sensors i dades satel\u00b7litals.<\/p>\n","protected":false},"excerpt":{"rendered":"<p>Ahir, el cap Sistemes d\u2019Informaci\u00f3 Integrada del Conselh Generau d\u2019Aran, Sergio L\u00f3pez, va participar en la segona Trobada d\u2019\u00c0rees Digitals de Catalunya al Parc Agrobiotech de Lleida, organitzada pel i2cat&#8230;<\/p>\n","protected":false},"author":4,"featured_media":3222,"comment_status":"closed","ping_status":"open","sticky":false,"template":"","format":"standard","meta":{"inline_featured_image":false,"footnotes":""},"categories":[78],"tags":[],"class_list":["post-3226","post","type-post","status-publish","format-standard","has-post-thumbnail","hentry","category-innovacio"],"_links":{"self":[{"href":"https:\/\/www.hepic-hub.org\/ca\/wp-json\/wp\/v2\/posts\/3226","targetHints":{"allow":["GET"]}}],"collection":[{"href":"https:\/\/www.hepic-hub.org\/ca\/wp-json\/wp\/v2\/posts"}],"about":[{"href":"https:\/\/www.hepic-hub.org\/ca\/wp-json\/wp\/v2\/types\/post"}],"author":[{"embeddable":true,"href":"https:\/\/www.hepic-hub.org\/ca\/wp-json\/wp\/v2\/users\/4"}],"replies":[{"embeddable":true,"href":"https:\/\/www.hepic-hub.org\/ca\/wp-json\/wp\/v2\/comments?post=3226"}],"version-history":[{"count":1,"href":"https:\/\/www.hepic-hub.org\/ca\/wp-json\/wp\/v2\/posts\/3226\/revisions"}],"predecessor-version":[{"id":3227,"href":"https:\/\/www.hepic-hub.org\/ca\/wp-json\/wp\/v2\/posts\/3226\/revisions\/3227"}],"wp:featuredmedia":[{"embeddable":true,"href":"https:\/\/www.hepic-hub.org\/ca\/wp-json\/wp\/v2\/media\/3222"}],"wp:attachment":[{"href":"https:\/\/www.hepic-hub.org\/ca\/wp-json\/wp\/v2\/media?parent=3226"}],"wp:term":[{"taxonomy":"category","embeddable":true,"href":"https:\/\/www.hepic-hub.org\/ca\/wp-json\/wp\/v2\/categories?post=3226"},{"taxonomy":"post_tag","embeddable":true,"href":"https:\/\/www.hepic-hub.org\/ca\/wp-json\/wp\/v2\/tags?post=3226"}],"curies":[{"name":"wp","href":"https:\/\/api.w.org\/{rel}","templated":true}]}}