{"id":3020,"date":"2024-05-29T15:04:53","date_gmt":"2024-05-29T13:04:53","guid":{"rendered":"https:\/\/www.hepic-hub.org\/?p=3020"},"modified":"2024-06-07T15:25:47","modified_gmt":"2024-06-07T13:25:47","slug":"hepic-participa-a-la-ia-sessio-de-treball-dels-cit","status":"publish","type":"post","link":"https:\/\/www.hepic-hub.org\/ca\/2024\/05\/29\/hepic-participa-a-la-ia-sessio-de-treball-dels-cit\/","title":{"rendered":"H\u00e8PIC participa a la I\u00aa sessi\u00f3 de treball dels CIT"},"content":{"rendered":"\n<p><strong>\u2022 <\/strong><strong>Ahir, 28 de maig, diferents representants del\u00a0hub\u00a0d&#8217;innovaci\u00f3\u00a0H\u00e8PIC\u00a0del\u00a0Conselh\u00a0Generau\u00a0d&#8217;Aran, van participar en el\u00a0I\u00ba\u00a0trobada de treball de la xarxa de Centres d&#8217;Innovaci\u00f3 Territorial organitzada pel Ministeri de Transici\u00f3 Ecol\u00f2gica i Repte Demogr\u00e0fic.<\/strong><\/p>\n\n\n\n<p>Aquesta jornada de treball que va tenir lloc a la sala d&#8217;actes del Ministeri de Transici\u00f3 Ecol\u00f2gica i Repte Demogr\u00e0fic, situat a Madrid, tenia com a <strong>objectiu<\/strong> impulsar el <strong>desenvolupament de les zones rurals<\/strong> mitjan\u00e7ant la <strong>reactivaci\u00f3 econ\u00f2mica i l&#8217;atracci\u00f3 de talent<\/strong> <strong>a trav\u00e9s dels&nbsp;CIT.<\/strong><\/p>\n\n\n\n<p><strong>L&#8217;obertura de l&#8217;acte<\/strong> va ser a c\u00e0rrec del Secretari General per al Repte Demogr\u00e0fic, <strong>Paco Boya<\/strong> qui va emfatitzar en la import\u00e0ncia del desplegament d&#8217;aquesta xarxa de&nbsp;CITs&nbsp;en les zones rurals de tot el territori per a estar en comunicaci\u00f3 directa i aix\u00ed establir <strong>aliances per a apostar pel futur dels nostres pobles.<\/strong><\/p>\n\n\n\n<p>Despr\u00e9s, el gerent de territori del&nbsp;Institut&nbsp;Cerd\u00e0, <strong>Llu\u00eds&nbsp;Inglada<\/strong>&nbsp;va realitzar una breu introducci\u00f3 dels objectius d&#8217;aquesta jornada, despr\u00e9s va <strong>presentar a&nbsp;Ciuden<\/strong>&nbsp;com a entitat coordinadora dels&nbsp;CIT&nbsp;i va anar <strong>donant pas a cadascun dels nou&nbsp;CIT,<\/strong> entre els quals es trobava&nbsp;H\u00e8PIC&nbsp;i cadascun vam exposar el nostre <strong>\u00e0mbit d&#8217;actuaci\u00f3, els reptes de cada territori, les l\u00ednies de treball que duem a terme i les necessitats actual<\/strong>s dels nostres&nbsp;CIT.<\/p>\n\n\n\n<p>En acabar, es va procedir a introduir a <strong>vuit empreses d&#8217;\u00e0mbits molt diferents <\/strong>(energies, finances, acad\u00e8miques i socials), que formen part del&nbsp;Institut&nbsp;Cerd\u00e0 i estan <strong>interessades a con\u00e8ixer i col\u00b7laborar<\/strong> amb els projectes en desenvolupament dels&nbsp;<strong>CIT.<\/strong> Representants de totes elles, van donar a con\u00e8ixer les seves <strong>principals l\u00ednies de treball<\/strong> relacionades amb la <strong>innovaci\u00f3 i el desenvolupament de les zones rurals<\/strong>, posant l&#8217;accent en aquells aspectes amb els quals millor <strong>puguin cooperar<\/strong> amb les propostes dels&nbsp;<strong>CIT.<\/strong><\/p>\n\n\n\n<p>Despr\u00e9s d&#8217;una breu pausa en la qual es va aprofitar per a fer&nbsp;<em>networking<\/em>&nbsp;amb aquestes empreses, va tenir lloc <strong>l&#8217;exposici\u00f3 de<\/strong> l&#8217;Ecosistema d&#8217;Emprenedoria i Innovaci\u00f3 en el Medi rural d&#8217;Arag\u00f3 <strong>(EREA+)&nbsp;<\/strong>que ha desenvolupat un <strong>model de cooperaci\u00f3<\/strong> entre totes les entitats relacionades amb l&#8217;emprenedoria i la innovaci\u00f3 d&#8217;Arag\u00f3 per a <strong>unir esfor\u00e7os i evitar duplicitats, creant una xarxa molt accessible<\/strong> i pr\u00e0ctica per a les <strong>persones empres\u00e0ries <\/strong>del territori.<\/p>\n\n\n\n<p>Despr\u00e9s es va <strong>presentar a&nbsp;Enisa<\/strong>, la societat de capital p\u00fablic del Ministeri d&#8217;Ind\u00fastria que <strong>ofereix cr\u00e8dits empresarials per a finan\u00e7ar a persones emprenedores<\/strong> i es van relatar totes les caracter\u00edstiques dels pr\u00e9stecs que ofereixen, aix\u00ed com les condicions, quantitats i interessos d&#8217;aquests. Finalment, <strong>el Secretari General va tancar l&#8217;acte<\/strong> presentant a la nova coordinadora de&nbsp;Ciuden&nbsp;i oferint suport als&nbsp;CIT&nbsp;per a promoure el seu desenvolupament i <strong>posar en valor el treball en xarxa.<\/strong><\/p>\n","protected":false},"excerpt":{"rendered":"<p>\u2022 Ahir, 28 de maig, diferents representants del\u00a0hub\u00a0d&#8217;innovaci\u00f3\u00a0H\u00e8PIC\u00a0del\u00a0Conselh\u00a0Generau\u00a0d&#8217;Aran, van participar en el\u00a0I\u00ba\u00a0trobada de treball de la xarxa de Centres d&#8217;Innovaci\u00f3 Territorial organitzada pel Ministeri de Transici\u00f3 Ecol\u00f2gica i Repte Demogr\u00e0fic&#8230;.<\/p>\n","protected":false},"author":4,"featured_media":3019,"comment_status":"closed","ping_status":"open","sticky":false,"template":"","format":"standard","meta":{"inline_featured_image":false,"footnotes":""},"categories":[78,84],"tags":[],"class_list":["post-3020","post","type-post","status-publish","format-standard","has-post-thumbnail","hentry","category-innovacio","category-projectes"],"_links":{"self":[{"href":"https:\/\/www.hepic-hub.org\/ca\/wp-json\/wp\/v2\/posts\/3020","targetHints":{"allow":["GET"]}}],"collection":[{"href":"https:\/\/www.hepic-hub.org\/ca\/wp-json\/wp\/v2\/posts"}],"about":[{"href":"https:\/\/www.hepic-hub.org\/ca\/wp-json\/wp\/v2\/types\/post"}],"author":[{"embeddable":true,"href":"https:\/\/www.hepic-hub.org\/ca\/wp-json\/wp\/v2\/users\/4"}],"replies":[{"embeddable":true,"href":"https:\/\/www.hepic-hub.org\/ca\/wp-json\/wp\/v2\/comments?post=3020"}],"version-history":[{"count":3,"href":"https:\/\/www.hepic-hub.org\/ca\/wp-json\/wp\/v2\/posts\/3020\/revisions"}],"predecessor-version":[{"id":3030,"href":"https:\/\/www.hepic-hub.org\/ca\/wp-json\/wp\/v2\/posts\/3020\/revisions\/3030"}],"wp:featuredmedia":[{"embeddable":true,"href":"https:\/\/www.hepic-hub.org\/ca\/wp-json\/wp\/v2\/media\/3019"}],"wp:attachment":[{"href":"https:\/\/www.hepic-hub.org\/ca\/wp-json\/wp\/v2\/media?parent=3020"}],"wp:term":[{"taxonomy":"category","embeddable":true,"href":"https:\/\/www.hepic-hub.org\/ca\/wp-json\/wp\/v2\/categories?post=3020"},{"taxonomy":"post_tag","embeddable":true,"href":"https:\/\/www.hepic-hub.org\/ca\/wp-json\/wp\/v2\/tags?post=3020"}],"curies":[{"name":"wp","href":"https:\/\/api.w.org\/{rel}","templated":true}]}}