{"id":3007,"date":"2024-06-07T11:53:56","date_gmt":"2024-06-07T09:53:56","guid":{"rendered":"https:\/\/www.hepic-hub.org\/2024\/06\/07\/ia-jornada-de-vivienda-del-alt-pirineu-i-aran\/"},"modified":"2024-06-07T15:27:11","modified_gmt":"2024-06-07T13:27:11","slug":"ia-jornada-de-vivienda-del-alt-pirineu-i-aran","status":"publish","type":"post","link":"https:\/\/www.hepic-hub.org\/ca\/2024\/06\/07\/ia-jornada-de-vivienda-del-alt-pirineu-i-aran\/","title":{"rendered":"I\u00aa Jornada d&#8217;Habitatge de l&#8217;Alt Pirineu i Aran"},"content":{"rendered":"\n<p><strong>\u2022 Ahir, 6 de juny, va tenir lloc a Sort la\u00a01\u00aa\u00a0Jornada d&#8217;Habitatge del\u00a0Alt\u00a0Pirinei\u00a0i Aran organitzada pel\u00a0Institut\u00a0pel\u00a0Desenvolupament\u00a0de l&#8217;Alt\u00a0Pirineu\u00a0i Aran, el\u00a0Ateneu\u00a0Cooperatiu\u00a0Alt\u00a0Pirineu\u00a0i Aran i\u00a0SOMPirineu\u00a0&#8211;\u00a0IDAPA.<\/strong><\/p>\n\n\n\n<p><strong>En representaci\u00f3 del&nbsp;Conselh&nbsp;Generau&nbsp;d&#8217;Aran,<\/strong> ha participat el t\u00e8cnic en mat\u00e8ria d&#8217;habitatge, <strong>Xavi Casta\u00f1eda,<\/strong> i tamb\u00e9 en <strong>representaci\u00f3 del nostre territori<\/strong> ha assistit l&#8217;alcalde de Vielha i vicepresident de la Diputaci\u00f3 de Lleida, <strong>Juan Antonio Serrano.<\/strong><\/p>\n\n\n\n<p>En aquest acte en el qual han participat <strong>persones de perfils molt diversos<\/strong> (t\u00e8cnics, pol\u00edtics, acad\u00e8mics, etc) s&#8217;ha analitzat la situaci\u00f3 de l&#8217;habitatge dels nostres territoris amb n\u00fameros, estad\u00edstiques i dades per a obtenir una <strong>radiografia inicial.<\/strong><\/p>\n\n\n\n<p>Despr\u00e9s, <strong>Sebasti\u00e0 Mata<\/strong> ha exposat una mirada sobre la situaci\u00f3 de <strong>l&#8217;habitatge a la muntanya<\/strong> i en les ruralitats. Ha seguit <strong>David&nbsp;Freixa,<\/strong> que ha repassat el <strong>llistat de les ajudes p\u00fabliques<\/strong> en mat\u00e8ria d&#8217;habitatge que existeixen <strong>a Lleida<\/strong> amb els seus requisits i caracter\u00edstiques.<\/p>\n\n\n\n<p>En acabar, s&#8217;ha obert el <strong>torn de paraula per a les taules d&#8217;experi\u00e8ncies<\/strong> en les quals s&#8217;han exposat les tasques que est\u00e0 duent a terme la taula d&#8217;habitatge, aix\u00ed com <strong>els eixos de treball<\/strong> que les articulen. Hem escoltat les <strong>estrat\u00e8gies d&#8217;acc\u00e9s a l&#8217;habitatge<\/strong> de l&#8217;Ajuntament de Cardona, el Consell Comarcal de l&#8217;Urgell i l&#8217;Ajuntament de Gallifa, que han emfatitzat en la<strong> import\u00e0ncia de la voluntat pol\u00edtica<\/strong> per a executar aquestes estrat\u00e8gies. Aix\u00ed com, hem apr\u00e8s dels<strong> projectes cooperatius<\/strong> de&nbsp;Obrint&nbsp;ports Lleida per a facilitar <strong>l&#8217;acc\u00e9s a l&#8217;habitatge mitjan\u00e7ant la masoveria urbana<\/strong> o El&nbsp;Rogle, un projecte d&#8217;intercooperaci\u00f3 per a <strong>combatre la solitud no desitjada<\/strong> i promoure el model <strong>d&#8217;habitatge compartit.<\/strong><\/p>\n\n\n\n<p>Finalment, s&#8217;ha desenvolupat un <strong>col\u00b7loqui amb tots els assistents<\/strong> per a compartir propostes, dubtes i idees, del qual, la taula d&#8217;habitatge ha recollit les principals propostes d&#8217;acci\u00f3. I s&#8217;ha tancat l&#8217;acte amb un pica-pica de productes locals per a aprofitar l&#8217;ocasi\u00f3 d&#8217;aquesta jornada presencial entre persones del&nbsp;Alt&nbsp;Pirineu&nbsp;i Aran <strong>per a crear noves sinergies.<\/strong><\/p>\n\n\n\n<p><\/p>\n","protected":false},"excerpt":{"rendered":"<p>\u2022 Ahir, 6 de juny, va tenir lloc a Sort la\u00a01\u00aa\u00a0Jornada d&#8217;Habitatge del\u00a0Alt\u00a0Pirinei\u00a0i Aran organitzada pel\u00a0Institut\u00a0pel\u00a0Desenvolupament\u00a0de l&#8217;Alt\u00a0Pirineu\u00a0i Aran, el\u00a0Ateneu\u00a0Cooperatiu\u00a0Alt\u00a0Pirineu\u00a0i Aran i\u00a0SOMPirineu\u00a0&#8211;\u00a0IDAPA. En representaci\u00f3 del&nbsp;Conselh&nbsp;Generau&nbsp;d&#8217;Aran, ha participat el t\u00e8cnic en mat\u00e8ria&#8230;<\/p>\n","protected":false},"author":4,"featured_media":3003,"comment_status":"closed","ping_status":"open","sticky":false,"template":"","format":"standard","meta":{"inline_featured_image":false,"footnotes":""},"categories":[78],"tags":[],"class_list":["post-3007","post","type-post","status-publish","format-standard","has-post-thumbnail","hentry","category-innovacio"],"_links":{"self":[{"href":"https:\/\/www.hepic-hub.org\/ca\/wp-json\/wp\/v2\/posts\/3007","targetHints":{"allow":["GET"]}}],"collection":[{"href":"https:\/\/www.hepic-hub.org\/ca\/wp-json\/wp\/v2\/posts"}],"about":[{"href":"https:\/\/www.hepic-hub.org\/ca\/wp-json\/wp\/v2\/types\/post"}],"author":[{"embeddable":true,"href":"https:\/\/www.hepic-hub.org\/ca\/wp-json\/wp\/v2\/users\/4"}],"replies":[{"embeddable":true,"href":"https:\/\/www.hepic-hub.org\/ca\/wp-json\/wp\/v2\/comments?post=3007"}],"version-history":[{"count":3,"href":"https:\/\/www.hepic-hub.org\/ca\/wp-json\/wp\/v2\/posts\/3007\/revisions"}],"predecessor-version":[{"id":3033,"href":"https:\/\/www.hepic-hub.org\/ca\/wp-json\/wp\/v2\/posts\/3007\/revisions\/3033"}],"wp:featuredmedia":[{"embeddable":true,"href":"https:\/\/www.hepic-hub.org\/ca\/wp-json\/wp\/v2\/media\/3003"}],"wp:attachment":[{"href":"https:\/\/www.hepic-hub.org\/ca\/wp-json\/wp\/v2\/media?parent=3007"}],"wp:term":[{"taxonomy":"category","embeddable":true,"href":"https:\/\/www.hepic-hub.org\/ca\/wp-json\/wp\/v2\/categories?post=3007"},{"taxonomy":"post_tag","embeddable":true,"href":"https:\/\/www.hepic-hub.org\/ca\/wp-json\/wp\/v2\/tags?post=3007"}],"curies":[{"name":"wp","href":"https:\/\/api.w.org\/{rel}","templated":true}]}}