{"id":2800,"date":"2023-07-10T11:40:21","date_gmt":"2023-07-10T09:40:21","guid":{"rendered":"https:\/\/www.hepic-hub.org\/?p=2800"},"modified":"2023-07-10T11:40:25","modified_gmt":"2023-07-10T09:40:25","slug":"coworking-un-any-de-treball-collaboratiu","status":"publish","type":"post","link":"https:\/\/www.hepic-hub.org\/ca\/2023\/07\/10\/coworking-un-any-de-treball-collaboratiu\/","title":{"rendered":"Coworking: un any de treball col\u00b7laboratiu"},"content":{"rendered":"\n<p>Aquest juny de 2023 el coworking d\u2019H\u00e8Pic ha fet un any des que va obrir les portes al p\u00fablic. Despr\u00e9s de la creaci\u00f3 d\u2019H\u00e8Pic, es va posar en marxa la configuraci\u00f3 d\u2019un espai a on les persones residents a la Val d\u2019Aran, aix\u00ed com les persones visitants, poguessin disposar d\u2019un lloc de treball adaptat a les seves necessitats.<\/p>\n\n\n\n<p>H\u00e8Pic \u00e9s una iniciativa del Conselh Generau d\u2019Aran que gestiona l\u2019Associaci\u00f3 d\u2019Innovaci\u00f3 en Territoris de Muntanya fent possible una col\u00b7laboraci\u00f3 publicoprivada que dota de dinamisme al Centre d\u2019Innovaci\u00f3 Territorial.<\/p>\n\n\n\n<p>Despr\u00e9s d\u2019aquest primer any de treball, el coworking ha comptat amb 72 sol\u00b7licituds. Del total, 66 n\u2019han sigut de persones que hi han accedit menys de 15 dies. D\u2019altra banda, 6 persones han tramitat la seva sol\u00b7licitud de car\u00e0cter fix, \u00e9s a dir, persones treballadores que venen ass\u00edduament.<\/p>\n\n\n\n<p>S\u2019ha de dir que el coworking va ser creat com a lloc per atraure poblaci\u00f3 i, d\u2019altra banda, oferir un servei que ha perm\u00e8s generar din\u00e0miques i sinergies entre els i les usu\u00e0ries m\u00e9s enll\u00e0 dels aspectes professionals.<\/p>\n\n\n\n<p>\u00c9s important ressaltar com el coworking d\u2019H\u00e8Pic ha sigut un espai majorit\u00e0riament freq\u00fcentat per dones treballadores. El 65,28% del total de sol\u00b7licituds han sigut dones i el 83,33% de les persones de llarga estada tamb\u00e9 ho s\u00f3n.<\/p>\n\n\n\n<p>Per aquest estiu s\u2019espera un augment de la demanda a causa de les vacances estivals. Aix\u00f2 permet a les persones que venen a visitar la Val d\u2019Aran disposar d\u2019un lloc de treball. Tamb\u00e9 ser\u00e0 disponible per a totes aquelles persones que participin en les corses i competicions esportives, fent possible, d\u2019aquesta manera, la conciliaci\u00f3 entre la seva passi\u00f3 i el seu treball.<\/p>\n\n\n\n<p>Si vols saber m\u00e9s sobre aquest any, et convidem a llegir el document <em><a href=\"https:\/\/www.hepic-hub.org\/wp-content\/uploads\/2023\/07\/Memoria-ano-coworking.pdf\" data-type=\"URL\" data-id=\"https:\/\/www.hepic-hub.org\/wp-content\/uploads\/2023\/07\/Memoria-ano-coworking.pdf\" target=\"_blank\" rel=\"noreferrer noopener\">Coworking: un a\u00f1o de Trabajo colaborativo<\/a><\/em>. Si vols con\u00e8ixer l\u2019espai i tramitar la teva sol\u00b7licitud, pots contactar amb nosaltres a trav\u00e9s del mail <a href=\"mailto:infohepic@aran.org\">infohepic@aran.org<\/a>.<\/p>\n","protected":false},"excerpt":{"rendered":"<p>Aquest juny de 2023 el coworking d\u2019H\u00e8Pic ha fet un any des que va obrir les portes al p\u00fablic. Despr\u00e9s de la creaci\u00f3 d\u2019H\u00e8Pic, es va posar en marxa la&#8230;<\/p>\n","protected":false},"author":6,"featured_media":2796,"comment_status":"closed","ping_status":"open","sticky":false,"template":"","format":"standard","meta":{"inline_featured_image":false,"footnotes":""},"categories":[72],"tags":[],"class_list":["post-2800","post","type-post","status-publish","format-standard","has-post-thumbnail","hentry","category-serveis"],"_links":{"self":[{"href":"https:\/\/www.hepic-hub.org\/ca\/wp-json\/wp\/v2\/posts\/2800","targetHints":{"allow":["GET"]}}],"collection":[{"href":"https:\/\/www.hepic-hub.org\/ca\/wp-json\/wp\/v2\/posts"}],"about":[{"href":"https:\/\/www.hepic-hub.org\/ca\/wp-json\/wp\/v2\/types\/post"}],"author":[{"embeddable":true,"href":"https:\/\/www.hepic-hub.org\/ca\/wp-json\/wp\/v2\/users\/6"}],"replies":[{"embeddable":true,"href":"https:\/\/www.hepic-hub.org\/ca\/wp-json\/wp\/v2\/comments?post=2800"}],"version-history":[{"count":1,"href":"https:\/\/www.hepic-hub.org\/ca\/wp-json\/wp\/v2\/posts\/2800\/revisions"}],"predecessor-version":[{"id":2801,"href":"https:\/\/www.hepic-hub.org\/ca\/wp-json\/wp\/v2\/posts\/2800\/revisions\/2801"}],"wp:featuredmedia":[{"embeddable":true,"href":"https:\/\/www.hepic-hub.org\/ca\/wp-json\/wp\/v2\/media\/2796"}],"wp:attachment":[{"href":"https:\/\/www.hepic-hub.org\/ca\/wp-json\/wp\/v2\/media?parent=2800"}],"wp:term":[{"taxonomy":"category","embeddable":true,"href":"https:\/\/www.hepic-hub.org\/ca\/wp-json\/wp\/v2\/categories?post=2800"},{"taxonomy":"post_tag","embeddable":true,"href":"https:\/\/www.hepic-hub.org\/ca\/wp-json\/wp\/v2\/tags?post=2800"}],"curies":[{"name":"wp","href":"https:\/\/api.w.org\/{rel}","templated":true}]}}