{"id":2776,"date":"2023-03-30T13:57:05","date_gmt":"2023-03-30T11:57:05","guid":{"rendered":"https:\/\/www.hepic-hub.org\/?p=2776"},"modified":"2023-03-30T13:57:08","modified_gmt":"2023-03-30T11:57:08","slug":"i-jornada-dinnovacion-e-economia-dera-val-daran","status":"publish","type":"post","link":"https:\/\/www.hepic-hub.org\/ca\/2023\/03\/30\/i-jornada-dinnovacion-e-economia-dera-val-daran\/","title":{"rendered":"I Jornada d\u2019Innovacion e Economia dera Val d\u2019Aran"},"content":{"rendered":"\n<p>El dilluns 20 de mar\u00e7 va tenir lloc la I Jornada d\u2019Innovacion e Economia dera Val d\u2019Aran, un esdeveniment organitzat per l\u2019H\u00e8Pic, el Conselh Generau d\u2019Aran, el Ministeri per la Transici\u00f3 Ecol\u00f2gica i el Repte Demogr\u00e0fic i l\u2019Associaci\u00f3 d\u2019Innovaci\u00f3 en Territoris de Muntanya.<\/p>\n\n\n\n<p>Aquest acte va constar de dues parts: a la primera, es va poder sentir a Carlos Barrab\u00e9s, fundador de Barrab\u00e9s i ESNEPI, l\u2019Escola de Negocis del Pirineu, que va donar pautes per preveure i poder innovar al territori. Despr\u00e9s, va intervenir Franc\u00e9s Boya, secretari general pel Repte Demogr\u00e0fic, qui va explicar com els Centres d\u2019Innovaci\u00f3 Territorial s\u00f3n un model d\u2019eina per lluitar contra el despoblament.<\/p>\n\n\n\n<p>A la segona part de la jornada, els i les assistents, provingudes de la Val d\u2019Aran i d\u2019altres territoris com Osca, Lleida i fins i tot Madrid, van participar en les din\u00e0miques de networking. Amb aquest treball en equip, es van identificar els reptes particulars que t\u00e9 cada sector per innovar i van configurar una llista de solucions i respostes. Aquesta sessi\u00f3, m\u00e9s enll\u00e0 de ser un moment de treball en equip, va servir per generar relacions professionals entre els i les participants. Va facilitar el creixement de la xarxa d\u2019agents que configura l\u2019ecosistema H\u00e8Pic.<\/p>\n\n\n\n<p>Despr\u00e9s d\u2019aquesta jornada, que va comptar amb la participaci\u00f3 de 80 persones, s\u2019intentar\u00e0 donar soluci\u00f3 als diferents reptes identificats i aconseguir d\u2019aquesta manera apujar el teixit emprenedor i empresarial dels territoris rurals i de muntanya.<\/p>\n","protected":false},"excerpt":{"rendered":"<p>El dilluns 20 de mar\u00e7 va tenir lloc la I Jornada d\u2019Innovacion e Economia dera Val d\u2019Aran, un esdeveniment organitzat per l\u2019H\u00e8Pic, el Conselh Generau d\u2019Aran, el Ministeri per la&#8230;<\/p>\n","protected":false},"author":6,"featured_media":2774,"comment_status":"closed","ping_status":"open","sticky":false,"template":"","format":"standard","meta":{"inline_featured_image":false,"footnotes":""},"categories":[84],"tags":[],"class_list":["post-2776","post","type-post","status-publish","format-standard","has-post-thumbnail","hentry","category-projectes"],"_links":{"self":[{"href":"https:\/\/www.hepic-hub.org\/ca\/wp-json\/wp\/v2\/posts\/2776","targetHints":{"allow":["GET"]}}],"collection":[{"href":"https:\/\/www.hepic-hub.org\/ca\/wp-json\/wp\/v2\/posts"}],"about":[{"href":"https:\/\/www.hepic-hub.org\/ca\/wp-json\/wp\/v2\/types\/post"}],"author":[{"embeddable":true,"href":"https:\/\/www.hepic-hub.org\/ca\/wp-json\/wp\/v2\/users\/6"}],"replies":[{"embeddable":true,"href":"https:\/\/www.hepic-hub.org\/ca\/wp-json\/wp\/v2\/comments?post=2776"}],"version-history":[{"count":1,"href":"https:\/\/www.hepic-hub.org\/ca\/wp-json\/wp\/v2\/posts\/2776\/revisions"}],"predecessor-version":[{"id":2777,"href":"https:\/\/www.hepic-hub.org\/ca\/wp-json\/wp\/v2\/posts\/2776\/revisions\/2777"}],"wp:featuredmedia":[{"embeddable":true,"href":"https:\/\/www.hepic-hub.org\/ca\/wp-json\/wp\/v2\/media\/2774"}],"wp:attachment":[{"href":"https:\/\/www.hepic-hub.org\/ca\/wp-json\/wp\/v2\/media?parent=2776"}],"wp:term":[{"taxonomy":"category","embeddable":true,"href":"https:\/\/www.hepic-hub.org\/ca\/wp-json\/wp\/v2\/categories?post=2776"},{"taxonomy":"post_tag","embeddable":true,"href":"https:\/\/www.hepic-hub.org\/ca\/wp-json\/wp\/v2\/tags?post=2776"}],"curies":[{"name":"wp","href":"https:\/\/api.w.org\/{rel}","templated":true}]}}