{"id":2448,"date":"2023-03-06T08:58:36","date_gmt":"2023-03-06T07:58:36","guid":{"rendered":"https:\/\/www.hepic-hub.org\/?p=2448"},"modified":"2023-03-06T09:00:47","modified_gmt":"2023-03-06T08:00:47","slug":"jornades-de-la-xarxa-de-centres-dinnovacio-territorial","status":"publish","type":"post","link":"https:\/\/www.hepic-hub.org\/ca\/2023\/03\/06\/jornades-de-la-xarxa-de-centres-dinnovacio-territorial\/","title":{"rendered":"Jornades de la Xarxa de Centres d\u2019Innovaci\u00f3 Territorial"},"content":{"rendered":"\n<p>H\u00e8Pic va participar a principis de febrer a les primeres jornades de la Xarxa de Centres d\u2019Innovaci\u00f3 Territorial al municipi asturi\u00e0 de Pola de Somieda. Aquest esdeveniment organitzat pel Ministeri per la Transici\u00f3 Ecol\u00f2gica i el Repte Demogr\u00e0fic va reunir a entitats p\u00fabliques i privades de diferents prov\u00edncies per posar en com\u00fa les estrat\u00e8gies, reptes i solucions innovadores que posseeix cada territori.<\/p>\n\n\n\n<p>Durant l\u2019exposici\u00f3 duta a terme pels responsables d\u2019H\u00e8Pic, que es destaca per ser el primer Centre d\u2019Innovaci\u00f3 Territorial, es va remarcar el m\u00e8tode innovador i participatiu que va produir el mateix centre. Aquest esdeveniment va permetre intercanviar experi\u00e8ncies rurals i va consolidar les relacions inter i intre territorials d\u2019aquests centres.<\/p>\n\n\n\n<p>Els Centres d\u2019Innovaci\u00f3 Territorial s\u2019estableixen com al nou model per promoure un desenvolupament sostenible i socialment responsable dels territoris i, a la vegada, serveix de fractura amb la in\u00e8rcia d\u2019oblit que han patit aquests llocs.<\/p>\n\n\n\n<p>Al llarg d\u2019aquest esdeveniment va haver-hi un concepte regnant a cada conversa: la innovaci\u00f3. Poder diversificar el model econ\u00f2mic i revalorar el context propi de cada territori s\u2019aconsegueix gr\u00e0cies a la innovaci\u00f3, a noves solucions que neixin des dels pobles. Per atraure aquesta metodologia, els CIT s\u2019estableixen com a una palanca per a les administracions, les empreses, les organitzacions i les persones. A tots ells, tots els agents s\u00f3n benvinguts.<\/p>\n\n\n\n<p>A m\u00e9s a m\u00e9s, es va posar l\u2019accent que la innovaci\u00f3 no \u00e9s nom\u00e9s tecnologia, sin\u00f3 tamb\u00e9 \u00e9s potencial el capital hum\u00e0 propi de tots i cadasc\u00fa dels pobles. Per aix\u00f2 mateix, innovar permet potenciar, retenir i atraure el talent de persones amb idees noves i un comprom\u00eds fort amb el medi ambient i la societat.<\/p>\n\n\n\n<p>En \u00faltim lloc, a aquestes jornades, H\u00e8Pic va col\u00b7laborar reiterant el seu comprom\u00eds amb tots i totes les persones i Centres d\u2019Innovaci\u00f3 Territorial mitjan\u00e7ant la Declaraci\u00f3 de Somiedo per a la Innovaci\u00f3 Territorial al Medi Rural. Aix\u00f2 \u00e9s un dec\u00e0leg de propostes que espiren a convertir-se en el gui\u00f3 d\u2019actuaci\u00f3 d\u2019aquestes palanques innovadores del medi rural.&nbsp;<\/p>\n","protected":false},"excerpt":{"rendered":"<p>H\u00e8Pic va participar a principis de febrer a les primeres jornades de la Xarxa de Centres d\u2019Innovaci\u00f3 Territorial al municipi asturi\u00e0 de Pola de Somieda. Aquest esdeveniment organitzat pel Ministeri&#8230;<\/p>\n","protected":false},"author":6,"featured_media":2446,"comment_status":"closed","ping_status":"open","sticky":false,"template":"","format":"standard","meta":{"inline_featured_image":false,"footnotes":""},"categories":[78],"tags":[],"class_list":["post-2448","post","type-post","status-publish","format-standard","has-post-thumbnail","hentry","category-innovacio"],"_links":{"self":[{"href":"https:\/\/www.hepic-hub.org\/ca\/wp-json\/wp\/v2\/posts\/2448","targetHints":{"allow":["GET"]}}],"collection":[{"href":"https:\/\/www.hepic-hub.org\/ca\/wp-json\/wp\/v2\/posts"}],"about":[{"href":"https:\/\/www.hepic-hub.org\/ca\/wp-json\/wp\/v2\/types\/post"}],"author":[{"embeddable":true,"href":"https:\/\/www.hepic-hub.org\/ca\/wp-json\/wp\/v2\/users\/6"}],"replies":[{"embeddable":true,"href":"https:\/\/www.hepic-hub.org\/ca\/wp-json\/wp\/v2\/comments?post=2448"}],"version-history":[{"count":2,"href":"https:\/\/www.hepic-hub.org\/ca\/wp-json\/wp\/v2\/posts\/2448\/revisions"}],"predecessor-version":[{"id":2450,"href":"https:\/\/www.hepic-hub.org\/ca\/wp-json\/wp\/v2\/posts\/2448\/revisions\/2450"}],"wp:featuredmedia":[{"embeddable":true,"href":"https:\/\/www.hepic-hub.org\/ca\/wp-json\/wp\/v2\/media\/2446"}],"wp:attachment":[{"href":"https:\/\/www.hepic-hub.org\/ca\/wp-json\/wp\/v2\/media?parent=2448"}],"wp:term":[{"taxonomy":"category","embeddable":true,"href":"https:\/\/www.hepic-hub.org\/ca\/wp-json\/wp\/v2\/categories?post=2448"},{"taxonomy":"post_tag","embeddable":true,"href":"https:\/\/www.hepic-hub.org\/ca\/wp-json\/wp\/v2\/tags?post=2448"}],"curies":[{"name":"wp","href":"https:\/\/api.w.org\/{rel}","templated":true}]}}