{"id":2171,"date":"2022-11-23T11:43:17","date_gmt":"2022-11-23T10:43:17","guid":{"rendered":"https:\/\/www.hepic-hub.org\/?p=2171"},"modified":"2023-03-06T09:01:15","modified_gmt":"2023-03-06T08:01:15","slug":"esqui-neu-i-treball-el-coworking-de-la-val-daran","status":"publish","type":"post","link":"https:\/\/www.hepic-hub.org\/ca\/2022\/11\/23\/esqui-neu-i-treball-el-coworking-de-la-val-daran\/","title":{"rendered":"Esqu\u00ed, neu i treball: el coworking de la Val d\u2019Aran"},"content":{"rendered":"\n<p>El fred s\u2019apropa. Aix\u00ec \u00e9s el que tots als pobles aranesos comenten al carrer, al mercat i als comer\u00e7os. Ja es nota la g\u00e8nesi de la temporada hivernal. Les flors dels balcons s\u2019han amagat a llocs m\u00e9s c\u00e0lids, els guants i bufandes s\u00f3n la millor companyia. Com a tots els entorns rurals de muntanya, la gent comen\u00e7a a estar nerviosa i impacient. S\u2019ha d\u2019accelerar per preparar-se per l\u2019hivern i, evidentment, per la neu.<\/p>\n\n\n\n<p>S\u2019anuncien les blanques precipitacions pel cap de setmana. Les cotes de neu baixen i aix\u00f2 vol dir que els esports de neu comencen. D\u2019entre tots, l\u2019esqu\u00ed \u00e9s el m\u00e9s guardonat. Les pistes d\u2019esqu\u00ed obriran les portes. I aix\u00f2 qu\u00e8 vol dir? Que els nostres pobles pirenaics s\u2019ompliran. Vindr\u00e0 gent d\u2019altres llocs per gaudir de l\u2019oferta de serveis que s\u2019abalan\u00e7a sobre l\u2019esport de neu.<\/p>\n\n\n\n<p><strong>TREBALLAR I GAUDIR DE LA NEU?<\/strong><\/p>\n\n\n\n<p>Moltes de les persones que, en aquest cas, venen a gaudir de l\u2019esqu\u00ed a Baqueira Beret continuen amb el seu treball. Una part d\u2019elles, tenen la possibilitat de teletreballar. Poden connectar-se des dels seus ordinadors i continuar amb les seves tasques. En sabent aquesta circumst\u00e0ncia, des d\u2019H\u00e8Pic volem ajudar-vos. Com a Centre d\u2019Innovaci\u00f3 Territorial fiquem a la vostra disposici\u00f3 un espai coworking on podeu treballar c\u00f2modament.<\/p>\n\n\n\n<p>Situats a Vielha, aquest espai es pot assolir f\u00e0cilment en transport p\u00fablic, amb la l\u00ednia d\u2019autob\u00fas de Baqueira a Les. Tamb\u00e9 es pot venir en cotxe i, com som a Vielha, no suposa seguir als vehicles que acuden a l\u2019estaci\u00f3 d\u2019esqu\u00ed.<\/p>\n\n\n\n<p>A m\u00e9s a m\u00e9s, si vens a esquiar a Baqueira o a Superbagn\u00e8res i has de treballar al coworking d\u2019H\u00e8Pic, podr\u00e0s con\u00e8ixer persones professionals amb diferents bagatges. Aix\u00f2 mateix \u00e9s una gran font d\u2019innovaci\u00f3. El fet de compartir temps i espai afavoreix establir conversacions amb altres persones. I, a la vegada, aquest intercanvi ajuda a con\u00e8ixer nous punts de vista i tenir noves idees les quals poden derivar en nous projectes.<\/p>\n\n\n\n<p><strong>QUINES VIRTUTS T\u00c9 LA TEMPORADA HIVERNAL?<\/strong><\/p>\n\n\n\n<p>En primer lloc, les persones que gaudeixen de l\u2019esqu\u00ed a Baqueira Beret i Superbagn\u00e8res tenen diferents treballs. Des de la consultoria fins al sector sanitari. S\u00f3n professionals amb un bagatge propi i diferent. Per aix\u00f2, com d\u00e8iem, es produeix la innovaci\u00f3.<\/p>\n\n\n\n<p>D\u2019altra banda, venir a la Val d\u2019Aran, ni que sigui a esquiar, et facilitar\u00e0 la possibilitat de con\u00e8ixer el teixit empresarial innovador de la Vall. Als nostres municipis hi ha empreses digitalitzadores, empreses que aposten pel desenvolupament sostenible i la responsabilitat social, empreses que utilitzen noves eines tecnol\u00f2giques punteres per desenvolupar les seves tasques i comer\u00e7os amb un infinit <em>savoir-faire<\/em> immesurable.<\/p>\n\n\n\n<p>Podr\u00e0s venir a gaudir de la neu i, a m\u00e9s a m\u00e9s, podr\u00e0s con\u00e8ixer les empreses i agents del territori.<\/p>\n\n\n\n<p><strong>PER QU\u00c8 VENIR AL COWORKING?<\/strong><\/p>\n\n\n\n<p>A aquests espais compartits, a banda de treballar amb altres persones, fem activitats conjuntament. No tot \u00e9s treballar, tamb\u00e9 importa l\u2019oci. A l\u2019espai coworking de H\u00e8Pic, fem sortides i excursions. Ens agrada gaudir de la natura i la bellesa dels pobles aranesos i francesos.<\/p>\n\n\n\n<p>Hi ha persones de diferents llocs: de Madrid, de Barcelona, de Castella, de Fran\u00e7a&#8230; Aix\u00f2 permet con\u00e8ixer noves receptes de cuina que compartim. Tamb\u00e9 intercanviem els nostres gustos de cinema, de m\u00fasica i de lectura. Si vens a treballar, podr\u00e0s endur-te infinitat de recomanacions per passar els dies m\u00e9s freds de l\u2019hivern.<\/p>\n\n\n\n<p>Aquestes activitats de networking van m\u00e9s enll\u00e0. Podr\u00e0s venir amb tots i totes les coworkers d\u2019H\u00e8Pic a prendre un caf\u00e8 i saber m\u00e9s sobre l\u2019oferta gastron\u00f2mica aranesa.&nbsp;<\/p>\n\n\n\n<p>Per aquests motius, si pretens venir a passar uns dies d\u2019esqu\u00ed i necessites un espai per treballar, pots contactar amb nosaltres i con\u00e8ixer de primera m\u00e0 el coworking. No dubtis a contactar amb nosaltres i intentarem resoldre totes les teves q\u00fcestions.<\/p>\n","protected":false},"excerpt":{"rendered":"<p>El fred s\u2019apropa. Aix\u00ec \u00e9s el que tots als pobles aranesos comenten al carrer, al mercat i als comer\u00e7os. Ja es nota la g\u00e8nesi de la temporada hivernal. Les flors&#8230;<\/p>\n","protected":false},"author":6,"featured_media":2169,"comment_status":"closed","ping_status":"open","sticky":false,"template":"","format":"standard","meta":{"inline_featured_image":false,"footnotes":""},"categories":[72],"tags":[],"class_list":["post-2171","post","type-post","status-publish","format-standard","has-post-thumbnail","hentry","category-serveis"],"_links":{"self":[{"href":"https:\/\/www.hepic-hub.org\/ca\/wp-json\/wp\/v2\/posts\/2171","targetHints":{"allow":["GET"]}}],"collection":[{"href":"https:\/\/www.hepic-hub.org\/ca\/wp-json\/wp\/v2\/posts"}],"about":[{"href":"https:\/\/www.hepic-hub.org\/ca\/wp-json\/wp\/v2\/types\/post"}],"author":[{"embeddable":true,"href":"https:\/\/www.hepic-hub.org\/ca\/wp-json\/wp\/v2\/users\/6"}],"replies":[{"embeddable":true,"href":"https:\/\/www.hepic-hub.org\/ca\/wp-json\/wp\/v2\/comments?post=2171"}],"version-history":[{"count":2,"href":"https:\/\/www.hepic-hub.org\/ca\/wp-json\/wp\/v2\/posts\/2171\/revisions"}],"predecessor-version":[{"id":2453,"href":"https:\/\/www.hepic-hub.org\/ca\/wp-json\/wp\/v2\/posts\/2171\/revisions\/2453"}],"wp:featuredmedia":[{"embeddable":true,"href":"https:\/\/www.hepic-hub.org\/ca\/wp-json\/wp\/v2\/media\/2169"}],"wp:attachment":[{"href":"https:\/\/www.hepic-hub.org\/ca\/wp-json\/wp\/v2\/media?parent=2171"}],"wp:term":[{"taxonomy":"category","embeddable":true,"href":"https:\/\/www.hepic-hub.org\/ca\/wp-json\/wp\/v2\/categories?post=2171"},{"taxonomy":"post_tag","embeddable":true,"href":"https:\/\/www.hepic-hub.org\/ca\/wp-json\/wp\/v2\/tags?post=2171"}],"curies":[{"name":"wp","href":"https:\/\/api.w.org\/{rel}","templated":true}]}}