{"id":1998,"date":"2022-09-06T09:54:43","date_gmt":"2022-09-06T07:54:43","guid":{"rendered":"https:\/\/www.hepic-hub.org\/?p=1998"},"modified":"2022-09-08T16:24:13","modified_gmt":"2022-09-08T14:24:13","slug":"la-volta-a-lescola","status":"publish","type":"post","link":"https:\/\/www.hepic-hub.org\/ca\/2022\/09\/06\/la-volta-a-lescola\/","title":{"rendered":"La volta a l&#8217;escola"},"content":{"rendered":"\n<p><strong>LA VOLTA A L\u2019ESCOLA: EL COWORKING<\/strong><\/p>\n\n\n\n<p>Ja ha arribat aquest moment de l\u2019any en el qual tot s\u2019orienta en torn a una cosa: la volta a l\u2019escola. Les vacances estivals s\u2019han acabat, les tardes a la fresca queden posposades fins a dins d\u2019un any a pesar de que siguin el record m\u00e9s recent. Ara toca la volta a la rutina. Per\u00f2, igual que els m\u00e9s petit, no \u00e9s f\u00e0cil reprendre el ritme de treball. Cal un per\u00edode d\u2019adaptaci\u00f3, anar a poc a poc.<\/p>\n\n\n\n<p>Quan vas marxar de vacances vas haver de coordinar alguns projectes, donar algunes directius a alguns companys o respondre a algunes trucades i vas trobar un espai coworking on fer-ho, ara \u00e9s semblant. El coworking \u00e9s el teu espai on reprendre el treball. El coworking \u00e9s el teu espai per la volta a l\u2019escola.<\/p>\n\n\n\n<p>El coworking d\u2019H\u00e8Pic \u00e9s un espai di\u00e0fan i flexible en quant a l\u2019horari. Et facilitem una clau amb la que podr\u00e0s accedir en funci\u00f3 de les teves necessitats. Per aquesta ra\u00f3, podr\u00e0s anar al teu lloc de treball segons com t\u2019organitzis. Aix\u00f2 et permetr\u00e0 alternar el treball amb moments m\u00e9s tranquils en els que recordar les activitats de juliol i agost. Fins i tot, pots anar incrementant les hores de feina. Poc a poc cada dia augmentes el temps de la teva jornada laboral. Aqu\u00ed no hi ha control, tot dep\u00e8n de tu.<\/p>\n\n\n\n<p>I com a toda volta a l\u2019escola, els companys canvien. Al coworking podr\u00e0s fer nous companus de treball amb diferents edats, perfils i inquietuds. Entre tots es forma un grup interdisciplinari de treball que pot nodrid els projectes de cadascuna de les persones que els integren.<\/p>\n\n\n\n<p>Tens el teu espai de treball per concentrar-te, per\u00f2 no ets sol. Treballes amb altres persones. Si el necessites, pots comptar amb elles. L\u2019ajut mutu \u00e9s b\u00e0sic a les xarxes de treball. L\u2019ajut mutu \u00e9s una de les raons d\u2019existir dels coworking. Al cap i a la fi, s\u00f3n espais on compartir lloc de treball i relacions professionals intersectorials.<\/p>\n\n\n\n<p><strong>EL COWORKING DURANT LES VACANCES<\/strong><\/p>\n\n\n\n<p>Durant l\u2019estiu, el coworking ha sigut un lloc ideal per combinar algunes tasques professionals i les vacances amb amics i fam\u00edlia. Cada setmana havia noves persones que preguntaven pel espai per venir a treballar.<\/p>\n\n\n\n<p>Procedents de Madrid i Barceloan, sobre tot, aquestes persones tenies diversos perfils: professors universitaris, enginyers aeroespacials, responsables de comptabilitat d\u2019empreses, etc. Totes aquestes persones han pogut compartir un moment i un lloc i aix\u00f2 ha produ\u00eft un ambient cordial i dist\u00e9s de treball.<\/p>\n\n\n\n<p>\u201cSabent que existeix aquest espai, vindrem m\u00e9s sovint\u201d, \u201csense aquest espai hagu\u00e9s hagut de quedar-me a casa meva treballant alhora que la meva fam\u00edlia estigu\u00e9s de vacances i venir a l\u2019Aran m\u00e9s tard\u201d comenten les persones que han estat per aqu\u00ed. La seva experi\u00e8ncia, per ells molt agradable, els ha perm\u00e8s treballar tranquil\u00b7lament i con\u00e8ixer l\u2019entorn. Al cap i a la fi, han sabut combinar tot tipus d\u2019activitats.<\/p>\n\n\n\n<p><strong>EL REPTE D\u2019INNOVAR<\/strong><\/p>\n\n\n\n<p>Potser, aquesta volta a l\u2019escola sigui marcada per les teves ganes d\u2019emprendre nous projectes. Moltes persones troben en aquests mesos nous objectius que aconseguir: canviar de treball, canviar la ciutat pel poble, emprendre un negoci.<\/p>\n\n\n\n<p>Al m\u00f3n rural tot aix\u00f2 \u00e9s possible. Si el teu lloc de treball actual t\u2019ho permet perqu\u00e8 treballes a dist\u00e0ncia, pots deixar la ciutat per trobar la Val d\u2019Aran, un lloc agradable per la vida. La proximitat amb els seus habitants, la natura que engloba els pobles, l\u2019oferta d\u2019oci variada i din\u00e0mica de cada setmana i els espais per treballar com el coworking. Aquest pot ser el lloc on comen\u00e7ar aquesta nova vida. Coneixer\u00e0s a altres treballadors que poden introduir-te a la vida local, alhora que mantens el teu treball.<\/p>\n\n\n\n<p>Per altra banda, pot ser l\u2019oportunitat per emprendre. Tens al cap algun projecte innovador? A un coworking podr\u00e0s trobar una xarxa de persones professionals que et podran contar els reptes actuals del territori, els seus punts de vista i les seves experi\u00e8ncies com professionals emprenedors. Fins i tot pots assessorar-te gr\u00e0cies als programes gratu\u00efts de mentoria d\u2019H\u00e8Pic.<\/p>\n\n\n\n<p>Des del Centre d\u2019Innovaci\u00f3 Territorial H\u00e8Pic posem a disposici\u00f3 de totes les persones de la nostra comunitat formacions per con\u00e8ixer noves t\u00e8cniques o visions de negoci. Tamb\u00e9 tenim el programa de mentoria en el que t\u2019ajudem a tenir idees noves, a consolidar el projecte, a donar pinzellades per a que la teva idea sigui compresa i viable o a que la teva emprenedoria sigui un clar cas d\u2019\u00e8xit. Per\u00f2 si tu ests un inversor, nosaltres et podem posar en contacte amb emprenedors locals, amb dinamitzadors del territori que porten a terme idees innovadores amb un gran potencial.<\/p>\n\n\n\n<p><strong>UN COWORKING RURAL<\/strong><\/p>\n\n\n\n<p>Totes aquestes s\u00f3n les avantatges d\u2019un coworking a aquestes dates: et dona flexibilitat a l\u2019hora de programar les teves tasques. Tamb\u00e9, si vols fer canvis a la teva vida, \u00e9s un factor a tenir present. Facilita la possibilitat d\u2019instal\u00b7lar-se a entorns rurals i, alhora, mantenir el teu lloc de treball.<\/p>\n\n\n\n<p>Aquesta volta a l\u2019escola pot ser tamb\u00e9 el moment d\u2019emprendre i apostar per negocis a la Val d\u2019Aran. Si vols dur a terme nous projectes, pots trobar a persones que t\u2019expliquin el contacte i les seves experi\u00e8ncies. Tamb\u00e9 pots assessorar-te gr\u00e0cies a les facilitat que t\u2019ofereix H\u00e8Pic. &nbsp;&nbsp;&nbsp;&nbsp;<\/p>\n","protected":false},"excerpt":{"rendered":"<p>LA VOLTA A L\u2019ESCOLA: EL COWORKING Ja ha arribat aquest moment de l\u2019any en el qual tot s\u2019orienta en torn a una cosa: la volta a l\u2019escola. Les vacances estivals&#8230;<\/p>\n","protected":false},"author":6,"featured_media":1994,"comment_status":"closed","ping_status":"open","sticky":false,"template":"","format":"standard","meta":{"inline_featured_image":false,"footnotes":""},"categories":[72],"tags":[],"class_list":["post-1998","post","type-post","status-publish","format-standard","has-post-thumbnail","hentry","category-serveis"],"_links":{"self":[{"href":"https:\/\/www.hepic-hub.org\/ca\/wp-json\/wp\/v2\/posts\/1998","targetHints":{"allow":["GET"]}}],"collection":[{"href":"https:\/\/www.hepic-hub.org\/ca\/wp-json\/wp\/v2\/posts"}],"about":[{"href":"https:\/\/www.hepic-hub.org\/ca\/wp-json\/wp\/v2\/types\/post"}],"author":[{"embeddable":true,"href":"https:\/\/www.hepic-hub.org\/ca\/wp-json\/wp\/v2\/users\/6"}],"replies":[{"embeddable":true,"href":"https:\/\/www.hepic-hub.org\/ca\/wp-json\/wp\/v2\/comments?post=1998"}],"version-history":[{"count":1,"href":"https:\/\/www.hepic-hub.org\/ca\/wp-json\/wp\/v2\/posts\/1998\/revisions"}],"predecessor-version":[{"id":1999,"href":"https:\/\/www.hepic-hub.org\/ca\/wp-json\/wp\/v2\/posts\/1998\/revisions\/1999"}],"wp:featuredmedia":[{"embeddable":true,"href":"https:\/\/www.hepic-hub.org\/ca\/wp-json\/wp\/v2\/media\/1994"}],"wp:attachment":[{"href":"https:\/\/www.hepic-hub.org\/ca\/wp-json\/wp\/v2\/media?parent=1998"}],"wp:term":[{"taxonomy":"category","embeddable":true,"href":"https:\/\/www.hepic-hub.org\/ca\/wp-json\/wp\/v2\/categories?post=1998"},{"taxonomy":"post_tag","embeddable":true,"href":"https:\/\/www.hepic-hub.org\/ca\/wp-json\/wp\/v2\/tags?post=1998"}],"curies":[{"name":"wp","href":"https:\/\/api.w.org\/{rel}","templated":true}]}}