{"id":1956,"date":"2022-07-20T12:57:15","date_gmt":"2022-07-20T10:57:15","guid":{"rendered":"https:\/\/www.hepic-hub.org\/?p=1956"},"modified":"2022-07-20T12:57:19","modified_gmt":"2022-07-20T10:57:19","slug":"conveni-de-collaboracio-pel-desenvolupament-del-projecte-dinnovacio-territorial","status":"publish","type":"post","link":"https:\/\/www.hepic-hub.org\/ca\/2022\/07\/20\/conveni-de-collaboracio-pel-desenvolupament-del-projecte-dinnovacio-territorial\/","title":{"rendered":"Conveni de col\u00b7laboraci\u00f3 pel desenvolupament del Projecte d\u2019Innovaci\u00f3 Territorial\u00a0"},"content":{"rendered":"\n<p>El passat divendres 15 de juliol, el secretari general pel Repte Demogr\u00e0fic, Franc\u00e9s Boya, la Sindica d\u2019Aran, Maria Verg\u00e9s, el president de la Diputaci\u00f3 de Lleida, Joan Talarn, i el president de la Diputaci\u00f3 d\u2019Osca Miguel Gracia, han formalitzat la signatura del conveni pel desenvolupament del Projecte d\u2019Innovaci\u00f3 Territorial i el Desenvolupament de C\u00e8l\u00b7lules d\u2019Innovaci\u00f3 Rural.&nbsp;<\/p>\n\n\n\n<p>En aquest acte va participar Guilh\u00e8m Piris Casasnovas, el coordinador d\u2019H\u00e8Pic, per explicar el funcionament propi i d\u2019aquesta manera que tots els assistents coneguessin el desenvolupament que ha tingut H\u00e8Pic.&nbsp;<\/p>\n\n\n\n<p>Mitjan\u00e7ant aquest conveni es pret\u00e9n replicar el CIT d\u2019Innovaci\u00f3 instal\u00b7lat a l\u2019Aran gr\u00e0cies a l&#8217;ampliaci\u00f3, consolidaci\u00f3 i creaci\u00f3 de tres C\u00e8l\u00b7lules d&#8217;Innovaci\u00f3 Rural: la C\u00e8l\u00b7lula d&#8217;Innovaci\u00f3 Rural Pirineu-Aran (que comprendr\u00e0 territoris pirinencs d&#8217;Osca i Lleida, aix\u00ed com la Val d&#8217;Aran), la C\u00e8l\u00b7lula d&#8217;Innovaci\u00f3 Rural Terres de Lleida i la de la prov\u00edncia d&#8217;Osca, replicant el model iniciat amb el Hub d&#8217;innovaci\u00f3 H\u00e8Pic a l\u2019Aran. El marc de cooperaci\u00f3 propiciat pel conveni afavorir\u00e0 les sinergies entre les tres c\u00e8l\u00b7lules desenvolupades.&nbsp;<\/p>\n\n\n\n<p>Aquest acte reitera el comprom\u00eds de diferents administracions per les persones emprenedores locals i la innovaci\u00f3 al m\u00f3n rural. D\u2019aquesta manera, el model d\u2019H\u00e8Pic s\u2019estendr\u00e0 a diferents llocs per poder continuar treballant en xarxa. Si vols saber-ne m\u00e9s, vols dur a terme o finan\u00e7ar un projecte, no dubtis en contactar amb nosaltres a trav\u00e9s del mail infohepic@aran.org o consultant el nostre Twitter <a href=\"https:\/\/twitter.com\/HePic_HUB\" data-type=\"URL\" data-id=\"https:\/\/twitter.com\/HePic_HUB\">@HePic_HUB<\/a>.\u00a0<\/p>\n","protected":false},"excerpt":{"rendered":"<p>El passat divendres 15 de juliol, el secretari general pel Repte Demogr\u00e0fic, Franc\u00e9s Boya, la Sindica d\u2019Aran, Maria Verg\u00e9s, el president de la Diputaci\u00f3 de Lleida, Joan Talarn, i el&#8230;<\/p>\n","protected":false},"author":6,"featured_media":1954,"comment_status":"closed","ping_status":"open","sticky":false,"template":"","format":"standard","meta":{"inline_featured_image":false,"footnotes":""},"categories":[84],"tags":[],"class_list":["post-1956","post","type-post","status-publish","format-standard","has-post-thumbnail","hentry","category-projectes"],"_links":{"self":[{"href":"https:\/\/www.hepic-hub.org\/ca\/wp-json\/wp\/v2\/posts\/1956","targetHints":{"allow":["GET"]}}],"collection":[{"href":"https:\/\/www.hepic-hub.org\/ca\/wp-json\/wp\/v2\/posts"}],"about":[{"href":"https:\/\/www.hepic-hub.org\/ca\/wp-json\/wp\/v2\/types\/post"}],"author":[{"embeddable":true,"href":"https:\/\/www.hepic-hub.org\/ca\/wp-json\/wp\/v2\/users\/6"}],"replies":[{"embeddable":true,"href":"https:\/\/www.hepic-hub.org\/ca\/wp-json\/wp\/v2\/comments?post=1956"}],"version-history":[{"count":1,"href":"https:\/\/www.hepic-hub.org\/ca\/wp-json\/wp\/v2\/posts\/1956\/revisions"}],"predecessor-version":[{"id":1957,"href":"https:\/\/www.hepic-hub.org\/ca\/wp-json\/wp\/v2\/posts\/1956\/revisions\/1957"}],"wp:featuredmedia":[{"embeddable":true,"href":"https:\/\/www.hepic-hub.org\/ca\/wp-json\/wp\/v2\/media\/1954"}],"wp:attachment":[{"href":"https:\/\/www.hepic-hub.org\/ca\/wp-json\/wp\/v2\/media?parent=1956"}],"wp:term":[{"taxonomy":"category","embeddable":true,"href":"https:\/\/www.hepic-hub.org\/ca\/wp-json\/wp\/v2\/categories?post=1956"},{"taxonomy":"post_tag","embeddable":true,"href":"https:\/\/www.hepic-hub.org\/ca\/wp-json\/wp\/v2\/tags?post=1956"}],"curies":[{"name":"wp","href":"https:\/\/api.w.org\/{rel}","templated":true}]}}