{"id":1881,"date":"2022-05-27T15:24:06","date_gmt":"2022-05-27T13:24:06","guid":{"rendered":"https:\/\/www.hepic-hub.org\/?p=1881"},"modified":"2022-06-13T13:07:14","modified_gmt":"2022-06-13T11:07:14","slug":"lespai-coworking-ja-es-aqui","status":"publish","type":"post","link":"https:\/\/www.hepic-hub.org\/ca\/2022\/05\/27\/lespai-coworking-ja-es-aqui\/","title":{"rendered":"L\u2019espai coworking ja \u00e9s aqu\u00ed!"},"content":{"rendered":"\n<p>L\u2019espai coworking ja \u00e9s aqu\u00ed! El dilluns 30 de maig s\u2019obrir\u00e0 el coworking d\u2019H\u00e8Pic HUB. Aquest servei s\u2019ofereix a aquelles empreses i persones innovadores que vulguin desenvolupar els seus projectes des de la Val d\u2019Aran.&nbsp;<\/p>\n\n\n\n<p>H\u00e8Pic \u00e9s un projecte del Conselh Generau d\u2019Aran que aposta per a la innovaci\u00f3 al territori com a resposta sostenible davant les necessitats d\u2019un territori rural i de muntanya. Entre els serveis d\u2019assessoria i el desenvolupament de projectes p\u00fablics i privats, l\u2019espai coworking es planteja com un entorn per crear treball en xarxa. Els usuaris podran aprofitar de l\u2019intercanvi d\u2019idees entre professionals que s\u2019instal\u00b7len a aquest tipus de llocs.&nbsp;<\/p>\n\n\n\n<p>El coworking compta amb una sala compartida, dues sales de reunions, una sala de formacions i esdeveniments, aix\u00ed com un despatx per mantenir reunions privades. Aquest entorn propici pel desenvolupament de nous projectes aposta per la flexibilitat, el dinamisme i la innovaci\u00f3 com a motors de la creativitat i la col\u00b7laboraci\u00f3.&nbsp;&nbsp;<\/p>\n\n\n\n<p>Totes les persones que estiguin interessats poden contactar amb nosaltres a trav\u00e9s del correu electr\u00f2nic <a href=\"mailto:infohepic@aran.org\" target=\"_blank\" rel=\"noreferrer noopener\">infohepic@aran.org<\/a> i\/o a trav\u00e9s del n\u00famero de tel\u00e8fon 667 67 02 71. Us esperem!&nbsp;<\/p>\n","protected":false},"excerpt":{"rendered":"<p>L\u2019espai coworking ja \u00e9s aqu\u00ed! El dilluns 30 de maig s\u2019obrir\u00e0 el coworking d\u2019H\u00e8Pic HUB. Aquest servei s\u2019ofereix a aquelles empreses i persones innovadores que vulguin desenvolupar els seus projectes&#8230;<\/p>\n","protected":false},"author":6,"featured_media":1878,"comment_status":"closed","ping_status":"open","sticky":false,"template":"","format":"standard","meta":{"inline_featured_image":false,"footnotes":""},"categories":[72],"tags":[],"class_list":["post-1881","post","type-post","status-publish","format-standard","has-post-thumbnail","hentry","category-serveis"],"_links":{"self":[{"href":"https:\/\/www.hepic-hub.org\/ca\/wp-json\/wp\/v2\/posts\/1881","targetHints":{"allow":["GET"]}}],"collection":[{"href":"https:\/\/www.hepic-hub.org\/ca\/wp-json\/wp\/v2\/posts"}],"about":[{"href":"https:\/\/www.hepic-hub.org\/ca\/wp-json\/wp\/v2\/types\/post"}],"author":[{"embeddable":true,"href":"https:\/\/www.hepic-hub.org\/ca\/wp-json\/wp\/v2\/users\/6"}],"replies":[{"embeddable":true,"href":"https:\/\/www.hepic-hub.org\/ca\/wp-json\/wp\/v2\/comments?post=1881"}],"version-history":[{"count":1,"href":"https:\/\/www.hepic-hub.org\/ca\/wp-json\/wp\/v2\/posts\/1881\/revisions"}],"predecessor-version":[{"id":1882,"href":"https:\/\/www.hepic-hub.org\/ca\/wp-json\/wp\/v2\/posts\/1881\/revisions\/1882"}],"wp:featuredmedia":[{"embeddable":true,"href":"https:\/\/www.hepic-hub.org\/ca\/wp-json\/wp\/v2\/media\/1878"}],"wp:attachment":[{"href":"https:\/\/www.hepic-hub.org\/ca\/wp-json\/wp\/v2\/media?parent=1881"}],"wp:term":[{"taxonomy":"category","embeddable":true,"href":"https:\/\/www.hepic-hub.org\/ca\/wp-json\/wp\/v2\/categories?post=1881"},{"taxonomy":"post_tag","embeddable":true,"href":"https:\/\/www.hepic-hub.org\/ca\/wp-json\/wp\/v2\/tags?post=1881"}],"curies":[{"name":"wp","href":"https:\/\/api.w.org\/{rel}","templated":true}]}}