{"id":1871,"date":"2022-05-27T11:55:06","date_gmt":"2022-05-27T09:55:06","guid":{"rendered":"https:\/\/www.hepic-hub.org\/?p=1871"},"modified":"2022-05-27T11:55:11","modified_gmt":"2022-05-27T09:55:11","slug":"5g-a-la-val-daran-jornades-de-workshop-sobre-cultura-i-patrimoni","status":"publish","type":"post","link":"https:\/\/www.hepic-hub.org\/ca\/2022\/05\/27\/5g-a-la-val-daran-jornades-de-workshop-sobre-cultura-i-patrimoni\/","title":{"rendered":"5G a la Val d\u2019Aran, jornades de workshop sobre cultura i patrimoni"},"content":{"rendered":"\n<p>Despr\u00e9s de la presentaci\u00f3 de l\u2019\u00c0rea 5G Aran a la que van participar empreses, personal t\u00e8cnic i representants pol\u00edtics, el dia 25 de maig es va dur a terme la primera jornada de workshop de \u201cLa tecnologia 5G i el sector de la cultura i el patrimoni\u201d. Aquest tipus d\u2019activitats permet, d\u2019una banda, explicar i divulgar les q\u00fcestions t\u00e8cniques d\u2019aquesta nova eina i, d\u2019altra banda, facilitar a les empreses i administracions una plataforma de treball on col\u00b7laboren per expressar les seves prefer\u00e8ncies a l\u2019hora d\u2019utilitzar aquesta tecnologia.<\/p>\n\n\n\n<p>Gaireb\u00e9 40 participants es van reunir per escoltar a representants del Conselh Generau d\u2019Aran, de la Prov\u00edncia de Lleida, de l\u2019Alt Pirineu i Aran, de la Cambra de Comer\u00e7 de Lleida, de la Generalitat de Catalunya, del Mobile World Capital i d\u2019i2CAT. Tots i totes van estar d\u2019acord amb la import\u00e0ncia de la innovaci\u00f3, la tecnologia i la digitalitzaci\u00f3 com a motors de desenvolupament d\u2019un territori. Amb una part en format digital i obert i, d\u2019altra banda, una segona par sota invitaci\u00f3, tamb\u00e9 va ser un espai de reflexi\u00f3 dels participants.<\/p>\n\n\n\n<p>Les \u00e0rees 5G permetran assegurar la qualitat dels serveis a les persones, desenvolupar projectes sostenibles, en definitiva, \u00e9s una eina facilitadora per atraure talent relacionat amb les comunicacions i la tecnologia.<\/p>\n\n\n\n<p>En conseq\u00fc\u00e8ncia, es van identificar projectes potencials amb base 5G que puguin dur-se a terme a mig termini al territori de l\u2019Aran i de l\u2019Alt Pirineu. Per exemple, es va destacar el paper de la 5G en el manteniment i difusi\u00f3 del patrimoni material i immaterial mitjan\u00e7ant la realitat augmentada. Aix\u00ed mateix, es poden desplegar projectes que dotarien de seguretat a llocs on actualment no hi ha cap mena de connectivitat gr\u00e0cies a la monitoritzaci\u00f3. Per aix\u00f2 va ser substancial el paper dels participants i les seves inquietuds.<\/p>\n\n\n\n<p>Espais com aquest afavoreixen l\u2019intercanvi d\u2019idees, la participaci\u00f3 i la col\u00b7laboraci\u00f3 entre els diferents agents. Si vols visualitzar el contingut del workshop, accedeix al seg\u00fcent <a href=\"https:\/\/www.youtube.com\/watch?v=PXyiF2saL-Q\" data-type=\"URL\" data-id=\"https:\/\/www.youtube.com\/watch?v=PXyiF2saL-Q\">enlla\u00e7<\/a>. Tamb\u00e9, per saber-ne m\u00e9s, no dubtis en contactar amb nosaltres a trav\u00e9s del mail infohepic@aran.org o consultant el nostre Twitter <a href=\"https:\/\/twitter.com\/HePic_HUB\" data-type=\"URL\" data-id=\"https:\/\/twitter.com\/HePic_HUB\">@HePic_HUB<\/a>.<\/p>\n","protected":false},"excerpt":{"rendered":"<p>Despr\u00e9s de la presentaci\u00f3 de l\u2019\u00c0rea 5G Aran a la que van participar empreses, personal t\u00e8cnic i representants pol\u00edtics, el dia 25 de maig es va dur a terme la&#8230;<\/p>\n","protected":false},"author":6,"featured_media":1868,"comment_status":"closed","ping_status":"open","sticky":false,"template":"","format":"standard","meta":{"inline_featured_image":false,"footnotes":""},"categories":[84],"tags":[],"class_list":["post-1871","post","type-post","status-publish","format-standard","has-post-thumbnail","hentry","category-projectes"],"_links":{"self":[{"href":"https:\/\/www.hepic-hub.org\/ca\/wp-json\/wp\/v2\/posts\/1871","targetHints":{"allow":["GET"]}}],"collection":[{"href":"https:\/\/www.hepic-hub.org\/ca\/wp-json\/wp\/v2\/posts"}],"about":[{"href":"https:\/\/www.hepic-hub.org\/ca\/wp-json\/wp\/v2\/types\/post"}],"author":[{"embeddable":true,"href":"https:\/\/www.hepic-hub.org\/ca\/wp-json\/wp\/v2\/users\/6"}],"replies":[{"embeddable":true,"href":"https:\/\/www.hepic-hub.org\/ca\/wp-json\/wp\/v2\/comments?post=1871"}],"version-history":[{"count":1,"href":"https:\/\/www.hepic-hub.org\/ca\/wp-json\/wp\/v2\/posts\/1871\/revisions"}],"predecessor-version":[{"id":1872,"href":"https:\/\/www.hepic-hub.org\/ca\/wp-json\/wp\/v2\/posts\/1871\/revisions\/1872"}],"wp:featuredmedia":[{"embeddable":true,"href":"https:\/\/www.hepic-hub.org\/ca\/wp-json\/wp\/v2\/media\/1868"}],"wp:attachment":[{"href":"https:\/\/www.hepic-hub.org\/ca\/wp-json\/wp\/v2\/media?parent=1871"}],"wp:term":[{"taxonomy":"category","embeddable":true,"href":"https:\/\/www.hepic-hub.org\/ca\/wp-json\/wp\/v2\/categories?post=1871"},{"taxonomy":"post_tag","embeddable":true,"href":"https:\/\/www.hepic-hub.org\/ca\/wp-json\/wp\/v2\/tags?post=1871"}],"curies":[{"name":"wp","href":"https:\/\/api.w.org\/{rel}","templated":true}]}}