{"id":1850,"date":"2022-05-20T14:16:11","date_gmt":"2022-05-20T12:16:11","guid":{"rendered":"https:\/\/www.hepic-hub.org\/?p=1850"},"modified":"2022-05-23T14:31:40","modified_gmt":"2022-05-23T12:31:40","slug":"presentacio-de-larea-5g-aran","status":"publish","type":"post","link":"https:\/\/www.hepic-hub.org\/ca\/2022\/05\/20\/presentacio-de-larea-5g-aran\/","title":{"rendered":"Presentaci\u00f3 de l\u2019\u00c0rea 5G Aran"},"content":{"rendered":"\n<p>El projecte d\u2019\u00c0rea 5G Aran continua a bon ritme. El dia 20 de maig es va presentar l\u2019\u00c0rea 5G Aran. Aquest projecte transversal permetr\u00e9 establir pilots de cobertura 5G al territori i aix\u00ed dinamitzar projectes tecnol\u00f2gics innovadors a trav\u00e9s de workshops espec\u00edfics.<\/p>\n\n\n\n<p>A la presentaci\u00f3 va assistir la Sindica d\u2019Aran, el vicepresident i conseller de Pol\u00edtiques Digitals i Territori de la Generalitat de Catalunya, el president de la Cambra de Comer\u00e7 de Lleida, el director del Patronat de Promoci\u00f3 Econ\u00f2mica de la Diputaci\u00f3 de Lleida, el director de Telef\u00f2nica Mediterrani, el director de Connectivitat i Desenvolupament de Negoci per al sector p\u00fablic de la Fundaci\u00f3 i2CAT, el director de l\u2019Institut per al Desenvolupament i la Promoci\u00f3 de l\u2019Alt Pirineu i Aran i empreses. Els i les participants van poder intervenir i explicar les implicacions d\u2019aquesta tecnologia en el teixit econ\u00f2mic i social.<\/p>\n\n\n\n<p>El desplegament d\u2019\u00e0rees 5G \u00e9s una iniciativa impulsada per la Generalitat de Catalunya, la Fundaci\u00f3 i2CAT i el Mobile World Capital Barcelona. Des d\u2019H\u00e8Pic i el Conselh Generau d\u2019Aran ens hem encarregat d\u2019articular aquest projecte a la Val d\u2019Aran aportant el coneixement de l\u2019entorn i la comunitat de col\u00b7laboradors del CIT. El que es pret\u00e9n \u00e9s crear espais on s\u2019agreguin les diferents iniciatives orientades a promoure la tecnologia 5G com una eina facilitadora. L\u2019internet de les coses facilitar\u00e0 la diversificaci\u00f3 de l\u2019economia i, de m\u00e9s a m\u00e9s, far\u00e0 m\u00e9s accessibles els serveis a les persones.<\/p>\n\n\n\n<p>Despr\u00e9s de la presentaci\u00f3 est\u00e0 previst dur a terme activitats destinades a generar coneixements i projectes al voltant de la tecnologia 5G. Aquesta eina \u00e9s una mostra de comprom\u00eds amb la innovaci\u00f3 a zones rurals de muntanya. Per aix\u00f2, si vols saber-ne m\u00e9s, no dubtis en contactar amb nosaltres a trav\u00e9s del mail <a href=\"mailto:infohepic@aran.org\">infohepic@aran.org<\/a> o consultant el nostre Twitter <a href=\"https:\/\/twitter.com\/HePic_HUB\">@HePic_HUB<\/a>.<\/p>\n","protected":false},"excerpt":{"rendered":"<p>El projecte d\u2019\u00c0rea 5G Aran continua a bon ritme. El dia 20 de maig es va presentar l\u2019\u00c0rea 5G Aran. Aquest projecte transversal permetr\u00e9 establir pilots de cobertura 5G al&#8230;<\/p>\n","protected":false},"author":6,"featured_media":1854,"comment_status":"closed","ping_status":"open","sticky":false,"template":"","format":"standard","meta":{"inline_featured_image":false,"footnotes":""},"categories":[84],"tags":[],"class_list":["post-1850","post","type-post","status-publish","format-standard","has-post-thumbnail","hentry","category-projectes"],"_links":{"self":[{"href":"https:\/\/www.hepic-hub.org\/ca\/wp-json\/wp\/v2\/posts\/1850","targetHints":{"allow":["GET"]}}],"collection":[{"href":"https:\/\/www.hepic-hub.org\/ca\/wp-json\/wp\/v2\/posts"}],"about":[{"href":"https:\/\/www.hepic-hub.org\/ca\/wp-json\/wp\/v2\/types\/post"}],"author":[{"embeddable":true,"href":"https:\/\/www.hepic-hub.org\/ca\/wp-json\/wp\/v2\/users\/6"}],"replies":[{"embeddable":true,"href":"https:\/\/www.hepic-hub.org\/ca\/wp-json\/wp\/v2\/comments?post=1850"}],"version-history":[{"count":2,"href":"https:\/\/www.hepic-hub.org\/ca\/wp-json\/wp\/v2\/posts\/1850\/revisions"}],"predecessor-version":[{"id":1855,"href":"https:\/\/www.hepic-hub.org\/ca\/wp-json\/wp\/v2\/posts\/1850\/revisions\/1855"}],"wp:featuredmedia":[{"embeddable":true,"href":"https:\/\/www.hepic-hub.org\/ca\/wp-json\/wp\/v2\/media\/1854"}],"wp:attachment":[{"href":"https:\/\/www.hepic-hub.org\/ca\/wp-json\/wp\/v2\/media?parent=1850"}],"wp:term":[{"taxonomy":"category","embeddable":true,"href":"https:\/\/www.hepic-hub.org\/ca\/wp-json\/wp\/v2\/categories?post=1850"},{"taxonomy":"post_tag","embeddable":true,"href":"https:\/\/www.hepic-hub.org\/ca\/wp-json\/wp\/v2\/tags?post=1850"}],"curies":[{"name":"wp","href":"https:\/\/api.w.org\/{rel}","templated":true}]}}